{"id":3966,"date":"2022-11-07T11:15:45","date_gmt":"2022-11-07T10:15:45","guid":{"rendered":"https:\/\/enyema.com\/?p=3966"},"modified":"2023-05-19T15:31:55","modified_gmt":"2023-05-19T13:31:55","slug":"le-danxome-des-agododjiche-de-la-realite-a-la-fiction-2","status":"publish","type":"post","link":"https:\/\/enyema.com\/?p=3966","title":{"rendered":"Le Danx\u00f4m\u00e8 des Ag\u00f4d\u00f4djich\u00e9, de la r\u00e9alit\u00e9 \u00e0 la fiction"},"content":{"rendered":"\n\n\n<p class=\"wp-block-paragraph\"><br><\/p>\n\n\n<div class=\"wp-block-image\">\n<figure class=\"aligncenter size-large is-resized\"><img data-recalc-dims=\"1\" loading=\"lazy\" decoding=\"async\" data-attachment-id=\"3930\" data-permalink=\"https:\/\/enyema.com\/?attachment_id=3930\" data-orig-file=\"https:\/\/i0.wp.com\/enyema.com\/wp-content\/uploads\/2022\/11\/Des-Archeres-Dahomeennes-1-e1671293692100.jpg?fit=1300%2C1847&amp;ssl=1\" data-orig-size=\"1300,1847\" data-comments-opened=\"1\" data-image-meta=\"{&quot;aperture&quot;:&quot;0&quot;,&quot;credit&quot;:&quot;&quot;,&quot;camera&quot;:&quot;&quot;,&quot;caption&quot;:&quot;&quot;,&quot;created_timestamp&quot;:&quot;0&quot;,&quot;copyright&quot;:&quot;Archives Familiales Bony&quot;,&quot;focal_length&quot;:&quot;0&quot;,&quot;iso&quot;:&quot;0&quot;,&quot;shutter_speed&quot;:&quot;0&quot;,&quot;title&quot;:&quot;&quot;,&quot;orientation&quot;:&quot;0&quot;}\" data-image-title=\"Des-Archeres-Dahomeennes-1\" data-image-description=\"\" data-image-caption=\"\" data-large-file=\"https:\/\/i0.wp.com\/enyema.com\/wp-content\/uploads\/2022\/11\/Des-Archeres-Dahomeennes-1-e1671293692100.jpg?fit=721%2C1024&amp;ssl=1\" src=\"https:\/\/i0.wp.com\/enyema.com\/wp-content\/uploads\/2022\/11\/Des-Archeres-Dahomeennes-1.jpg?resize=511%2C725&#038;ssl=1\" alt=\"\" class=\"wp-image-3930\" width=\"511\" height=\"725\"\/><figcaption class=\"wp-element-caption\"><mark style=\"background-color:rgba(0, 0, 0, 0);color:#035686\" class=\"has-inline-color\">G\u00e1, arcs, port\u00e9s par des Ag\u00f4d\u00f4djich\u00e9 du Danx\u00f4m\u00e8<br>d&rsquo;apr\u00e8s le dessin de Jean Antoine Foulquier<br>Gravure in \u00ab Le tour du monde \u00bb, sous la direction d&rsquo;Edouard Charton, 1863 <br>Collection de Selva<\/mark><\/figcaption><\/figure>\n<\/div>\n\n\n<p class=\"has-drop-cap has-black-color has-text-color has-yrsa-font-family has-custom-font wp-block-paragraph\" style=\"font-size:18px;font-family:Yrsa\"><mark style=\"background-color:rgba(0, 0, 0, 0);color:#035686\" class=\"has-inline-color\">D<\/mark>es pans des Histoires africaines subsahariennes, connaissent un regain d\u2019int\u00e9r\u00eat depuis quelques ann\u00e9es, au travers d&rsquo;une diversit\u00e9 d&rsquo;expressions. Cela se per\u00e7oit particuli\u00e8rement entre autres, par l\u2019attrait suscit\u00e9 par des productions cin\u00e9matographiques &#8211; m\u00e9dium \u00e0 forte attractivit\u00e9, &#8211; et litt\u00e9raires, contribuant \u00e0 remettre au-devant de la sc\u00e8ne, des dimensions significatives de la vie de soci\u00e9t\u00e9s ant\u00e9rieures, ainsi que des parcours riches de sens.<br>Ces mouvements, parfois port\u00e9s par des visions entr\u00e9es en maturation dans les diasporas, n\u2019en demeurent pas moins des pendants contemporains, de d\u00e9marches \u00e9rig\u00e9es pr\u00e8s d&rsquo;un si\u00e8cle en arri\u00e8re, par des intellectuels locaux &#8211; \u00e0 l\u2019instar de l\u2019universitaire Paul Hazoum\u00e9 et de son ouvrage paru en 1937<sup><a href=\"#footnote_0_3966\" id=\"identifier_0_3966\" class=\"footnote-link footnote-identifier-link\" title=\"Doguicimi: the first Dahomean novel: Hazoume\u0301, Paul, 1937.\">1<\/a><\/sup>, &#8211; dont les r\u00e9alisations, ont fini souvent \u00e9touff\u00e9es dans le bruit des marches vers les modernit\u00e9s actuelles, et peinent encore \u00e0 recevoir un accueil suffisant.<br><br>De ces legs de l\u2019Histoire, \u00e9mergent des femmes dont on ne pourra r\u00e9ellement comprendre le parcours, sans se plonger un tant soit peu dans les sp\u00e9cificit\u00e9s d&rsquo;une soci\u00e9t\u00e9, celle \u00e0 l&rsquo;origine d&rsquo;une entit\u00e9 politique, le Dan-X\u00f4m\u00e8<sup><a href=\"#footnote_1_3966\" id=\"identifier_1_3966\" class=\"footnote-link footnote-identifier-link\" title=\"Pourrait &ecirc;tre traduit par &laquo; Sur le ventre du Serpent (Dan) &raquo;. Nom par lequel la tradition d&eacute;signe le roi d&eacute;fait, oppos&eacute; aux anc&ecirc;tres des danx&ocirc;m&egrave;nou, apr&egrave;s le r&egrave;gne duquel l&#039;on verra &eacute;merger leur pouvoir.\">2<\/a><\/sup>. Souvent \u00e0 tort identifi\u00e9e stricto sensu au territoire sous administration coloniale qui l\u2019inclura apr\u00e8s 1894, elle \u00e9volua en r\u00e9alit\u00e9 aux c\u00f4t\u00e9s d\u2019autres, parmi lesquels les royaumes d\u2019Allada et de Hou\u00e9da, au Sud, qui seront int\u00e9gr\u00e9s \u00e0 son giron longtemps apr\u00e8s sa cr\u00e9ation, ou encore des \u00c9tats Nikki et Kandi du pays Baatonou, au Nord<sup><a href=\"#footnote_2_3966\" id=\"identifier_2_3966\" class=\"footnote-link footnote-identifier-link\" title=\"cf. Carte explicative, pr&eacute;sente dans le diaporama.\">3<\/a><\/sup>.<br>D\u00e9peinte comme appartenant \u00e0 ces \u00ab nations de sauvages par nature \u00bb, aux habitants dont la \u00ab cruaut\u00e9 d\u00e8s le bas \u00e2ge \u00bb est le propre &#8211; et n\u00e9cessite donc que l&rsquo;on prenne du recul face aux critiques en d\u00e9faveur de la Traite<sup><a href=\"#footnote_3_3966\" id=\"identifier_3_3966\" class=\"footnote-link footnote-identifier-link\" title=\"Dalzel,&nbsp;Archibald.&nbsp;The History of Dahomy: An Inland Kingdom of Africa.&nbsp;Royaume-Uni:&nbsp;Editor,&nbsp;1793.\">4<\/a><\/sup>, &#8211; elle est entr\u00e9e \u00e0 l&rsquo;exemple de diverses contr\u00e9es, dans le dualisme de la caricature eurocentrique de l&rsquo;\u00e9poque.<br><br>Ces femmes aux noms \u00e9vocateurs, auront d&rsquo;ailleurs leur image li\u00e9e \u00e0 celle d&rsquo;un royaume, que la propagande esclavagiste de ce temps r\u00e9volu s&rsquo;att\u00e8lera \u00e0 essentialiser &#8211; arguant une adh\u00e9sion pleine au projet de Traite, &#8211; malgr\u00e9 des \u00e9v\u00e8nements comme la destruction de \u00ab maisons \u00bb de r\u00e9tention, lors de l&rsquo;entr\u00e9e des forces royales dans Savi (Hu\u00e9da) en mars 1727, ce qui participe \u00e0 mettre en \u00e9vidence des imbrications plus complexes.<br><br>Le Danx\u00f4m\u00e8, c\u2019est d\u2019abord la trajectoire prise par les fon<sup><a href=\"#footnote_4_3966\" id=\"identifier_4_3966\" class=\"footnote-link footnote-identifier-link\" title=\"Nom d&eacute;signant ce peuple, dont une tradition fait remonter des origines au Sud du b&eacute;nin, dans la r&eacute;gion d&#039;Adja-Tado. Assimil&eacute;s aux Agassouvi, qui ont conquis des terres au Nord, pour fonder le Danx&ocirc;m&egrave;\">5<\/a><\/sup> sur le plateau d\u2019Agb\u00f4m\u00ea, la future capitale, parmi des peuples g\u00e8d\u00e8vi et z\u00e2, qui selon des r\u00e9cits recoup\u00e9s, ont pr\u00e9c\u00e9d\u00e9 les descendants de Dogbagli<sup><a href=\"#footnote_5_3966\" id=\"identifier_5_3966\" class=\"footnote-link footnote-identifier-link\" title=\"Il est consid&eacute;r&eacute; comme le chef de file des Agassouvi, communaut&eacute; qui s&#039;est install&eacute;e sur les terres de la future Agb&ocirc;m&ecirc; aux alentours des XVIe et XVIIe si&egrave;cles. Voir par exemple, Biographie du roi Kpengla du Danhom&egrave; (1774-1789).&nbsp;Royaume-Uni:&nbsp;Editions L&#039;Harmattan,&nbsp;Vido,&nbsp;Arthur, 2019.\">6<\/a><\/sup>, sur ces terres. Personnage \u00e9nigmatique, il est intimement li\u00e9 \u00e0 la post\u00e9rit\u00e9 guerri\u00e8re dans laquelle s\u2019inscriront des souverains, de Huegbadja, en passant par la reine Tassin Hangb\u00ea<sup><a href=\"#footnote_6_3966\" id=\"identifier_6_3966\" class=\"footnote-link footnote-identifier-link\" title=\"Souveraine, ayant r&eacute;gn&eacute; &agrave; partir du XVIIe si&egrave;cle, et dont la carrure et le charisme av&eacute;r&eacute;, ont pu contribuer &agrave; dynamiser l&#039;institution de la femme-soldat\">7<\/a><\/sup>, jusqu\u2019\u00e0 Gbowele fo ad\u00e0 b\u00f2 agbeji nolo<sup><a href=\"#footnote_7_3966\" id=\"identifier_7_3966\" class=\"footnote-link footnote-identifier-link\" title=\"Phrase utilis&eacute;e pour d&eacute;signer le roi Gb&ecirc;hanzin. Traduisible par: &laquo; Lorsque le requin se met en col&egrave;re, l&#039;oc&eacute;an se calme. &raquo;.\">8<\/a><\/sup>, adversaire des troupes coloniales, d\u00e9fendu dans le maquis par de redoutables fid\u00e8les, les Ag\u00f4d\u00f4djich\u00e9.<\/p>\n\n\n<div class=\"wp-block-image\">\n<figure class=\"aligncenter size-full is-resized\"><img data-recalc-dims=\"1\" loading=\"lazy\" decoding=\"async\" data-attachment-id=\"2993\" data-permalink=\"https:\/\/enyema.com\/?attachment_id=2993\" data-orig-file=\"https:\/\/i0.wp.com\/enyema.com\/wp-content\/uploads\/2022\/11\/Sabre_Agojie_1-removebg-preview-edited-2174854628-1667576478624.png?fit=637%2C354&amp;ssl=1\" data-orig-size=\"637,354\" data-comments-opened=\"1\" data-image-meta=\"{&quot;aperture&quot;:&quot;0&quot;,&quot;credit&quot;:&quot;&quot;,&quot;camera&quot;:&quot;&quot;,&quot;caption&quot;:&quot;&quot;,&quot;created_timestamp&quot;:&quot;0&quot;,&quot;copyright&quot;:&quot;&quot;,&quot;focal_length&quot;:&quot;0&quot;,&quot;iso&quot;:&quot;0&quot;,&quot;shutter_speed&quot;:&quot;0&quot;,&quot;title&quot;:&quot;&quot;,&quot;orientation&quot;:&quot;0&quot;}\" data-image-title=\"Sabre_Agojie_1-removebg-preview\" data-image-description=\"\" data-image-caption=\"\" data-large-file=\"https:\/\/i0.wp.com\/enyema.com\/wp-content\/uploads\/2022\/11\/Sabre_Agojie_1-removebg-preview-edited-2174854628-1667576478624.png?fit=637%2C354&amp;ssl=1\" src=\"https:\/\/i0.wp.com\/enyema.com\/wp-content\/uploads\/2022\/11\/Sabre_Agojie_1-removebg-preview-edited-2174854628-1667576478624.png?resize=323%2C179&#038;ssl=1\" alt=\"\" class=\"wp-image-2993\" width=\"323\" height=\"179\" srcset=\"https:\/\/i0.wp.com\/enyema.com\/wp-content\/uploads\/2022\/11\/Sabre_Agojie_1-removebg-preview-edited-2174854628-1667576478624.png?w=637&amp;ssl=1 637w, https:\/\/i0.wp.com\/enyema.com\/wp-content\/uploads\/2022\/11\/Sabre_Agojie_1-removebg-preview-edited-2174854628-1667576478624.png?resize=300%2C167&amp;ssl=1 300w\" sizes=\"auto, (max-width: 323px) 100vw, 323px\" \/><figcaption class=\"wp-element-caption\"><mark style=\"background-color:rgba(0, 0, 0, 0);color:#035686\" class=\"has-inline-color\">Gy\u00e0nkp\u00e0, Sabre d&rsquo;Ag\u00f4d\u00f4djich\u00e9, \u00e0 la lame finement d\u00e9cor\u00e9e et cisel\u00e9e, arme qui fut vraisemblablement ex\u00e9cut\u00e9e pour un chef de bataillon des houis\u00f4dji, dat\u00e9 d&rsquo;avant 1880<sup><a href=\"#footnote_8_3966\" id=\"identifier_8_3966\" class=\"footnote-link footnote-identifier-link\" title=\"Collection mus&eacute;ale, Mus&eacute;e du Quai Branly, Paris.\">9<\/a><\/sup><\/mark><\/figcaption><\/figure>\n<\/div>\n\n\n<p class=\"has-black-color has-text-color has-yrsa-font-family has-custom-font wp-block-paragraph\" style=\"font-size:25px;font-family:Yrsa\"><br><strong>De la gbet\u00f4 \u00e0 la femme-soldat<\/strong><\/p>\n\n\n\n<p class=\"has-black-color has-text-color has-yrsa-font-family has-custom-font wp-block-paragraph\" style=\"font-size:18px;font-family:Yrsa\">La soci\u00e9t\u00e9 fon, au travers des expressions qui l\u2019ont nourrie, a vu na\u00eetre en son sein une certaine vision du f\u00e9minin, circonscrite toutefois \u00e0 un environnement domin\u00e9 par l\u2019id\u00e9e de la panth\u00e8re m\u00e2le et de sa pr\u00e9gnante symbolique. Dans ces terreaux fortement infus\u00e9s du religieux notamment articul\u00e9 autour de pr\u00eatresses, et d\u2019une cosmogonie dont d\u00e9coule une relation dynamique avec le vivant \u2013 par des pratiques \u00e9volutives au fil du temps, &#8211; la femme s\u2019est t\u00f4t positionn\u00e9e dans des r\u00f4les per\u00e7us \u00e0 tort comme d\u00e9volus au masculin.<br><br>Elle fut observ\u00e9e occupant des fonctions cl\u00e9s, \u00e0 l\u2019instar de la Mi-gan-non<sup><a href=\"#footnote_9_3966\" id=\"identifier_9_3966\" class=\"footnote-link footnote-identifier-link\" title=\"Traduisible par &laquo; La cheffe qui a notre charge. &raquo;\">10<\/a><\/sup>, charg\u00e9e de t\u00e2ches peu commodes, appartenant \u00e0 la hi\u00e9rarchie minist\u00e9rielle la plus haute<sup><a href=\"#footnote_10_3966\" id=\"identifier_10_3966\" class=\"footnote-link footnote-identifier-link\" title=\"Kondo le requin: drame historique en 3 actes.&nbsp;B&eacute;nin:&nbsp;Librairie nationale, Pliya,&nbsp;J., 1975.\">11<\/a><\/sup>, intervenant dans les d\u00e9cisions parmi les plus importantes du pouvoir central<sup><a href=\"#footnote_11_3966\" id=\"identifier_11_3966\" class=\"footnote-link footnote-identifier-link\" title=\"Comme le Migan, la Migannon, &eacute;tait entre autres &eacute;galement charg&eacute;e de t&acirc;ches peu commodes, comme les ex&eacute;cutions de femmes rendues coupables d&#039;adult&egrave;re. cf. &Eacute;tudes dahom&eacute;ennes.&nbsp;B&eacute;nin:&nbsp;Minist&egrave;re de l&#039;&eacute;ducation nationale et de la culture, Institut de recherches appliqu&eacute;es du Dahomey (I.R.A.D), R&eacute;publique du Dahomey,&nbsp;1970.\">12<\/a><\/sup>, affubl\u00e9e du glaive, et ayant un rapport d&rsquo;autorit\u00e9 directe avec les femmes en armes pr\u00e9sentes dans l&rsquo;enceinte du palais. <br><br>Cependant, l\u2019image de celle qui pourfend l\u2019agressivit\u00e9 qui lui fait face, qui brave ce que l\u2019on n\u2019ose d\u00e9fier sans risques cons\u00e9quents, apportant pitance aux siens, est faite sienne dans le r\u00f4le des Gbet\u00f4 (sign. gardiennes de la brousse, et d\u00e9tentrices de ses savoirs).<\/p>\n\n\n<div class=\"wp-block-image\">\n<figure class=\"alignright size-medium is-resized\"><img data-recalc-dims=\"1\" loading=\"lazy\" decoding=\"async\" data-attachment-id=\"3036\" data-permalink=\"https:\/\/enyema.com\/?attachment_id=3036\" data-orig-file=\"https:\/\/i0.wp.com\/enyema.com\/wp-content\/uploads\/2022\/11\/Cartouchiere_d_Agodjie_1-removebg-preview.png?fit=772%2C323&amp;ssl=1\" data-orig-size=\"772,323\" data-comments-opened=\"1\" data-image-meta=\"{&quot;aperture&quot;:&quot;0&quot;,&quot;credit&quot;:&quot;&quot;,&quot;camera&quot;:&quot;&quot;,&quot;caption&quot;:&quot;&quot;,&quot;created_timestamp&quot;:&quot;0&quot;,&quot;copyright&quot;:&quot;&quot;,&quot;focal_length&quot;:&quot;0&quot;,&quot;iso&quot;:&quot;0&quot;,&quot;shutter_speed&quot;:&quot;0&quot;,&quot;title&quot;:&quot;&quot;,&quot;orientation&quot;:&quot;0&quot;}\" data-image-title=\"Cartouchiere_d_Agodjie_1-removebg-preview\" data-image-description=\"\" data-image-caption=\"\" data-large-file=\"https:\/\/i0.wp.com\/enyema.com\/wp-content\/uploads\/2022\/11\/Cartouchiere_d_Agodjie_1-removebg-preview.png?fit=772%2C323&amp;ssl=1\" src=\"https:\/\/i0.wp.com\/enyema.com\/wp-content\/uploads\/2022\/11\/Cartouchiere_d_Agodjie_1-removebg-preview.png?resize=129%2C54&#038;ssl=1\" alt=\"\" class=\"wp-image-3036\" width=\"129\" height=\"54\" srcset=\"https:\/\/i0.wp.com\/enyema.com\/wp-content\/uploads\/2022\/11\/Cartouchiere_d_Agodjie_1-removebg-preview.png?resize=300%2C126&amp;ssl=1 300w, https:\/\/i0.wp.com\/enyema.com\/wp-content\/uploads\/2022\/11\/Cartouchiere_d_Agodjie_1-removebg-preview.png?resize=768%2C321&amp;ssl=1 768w, https:\/\/i0.wp.com\/enyema.com\/wp-content\/uploads\/2022\/11\/Cartouchiere_d_Agodjie_1-removebg-preview.png?w=772&amp;ssl=1 772w\" sizes=\"auto, (max-width: 129px) 100vw, 129px\" \/><figcaption class=\"wp-element-caption\"><mark style=\"background-color:rgba(0, 0, 0, 0);color:#035686\" class=\"has-inline-color\">Cartouchi\u00e8re d&rsquo;Ag\u00f4d\u00f4djich\u00e9, datant d&rsquo;avant 1885<sup><a href=\"#footnote_8_3966\" id=\"identifier_12_3966\" class=\"footnote-link footnote-identifier-link\" title=\"Collection mus&eacute;ale, Mus&eacute;e du Quai Branly, Paris.\">9<\/a><\/sup><\/mark><\/figcaption><\/figure>\n<\/div>\n\n\n<p class=\"has-black-color has-text-color has-yrsa-font-family has-custom-font wp-block-paragraph\" style=\"font-size:18px;font-family:Yrsa\">Ces derni\u00e8res, lames affut\u00e9es aux pas feutr\u00e9s, dot\u00e9es de l\u2019attirail ad\u00e9quat, galvanis\u00e9es par la mission qui est la leur, ont d\u00e8s les fondements du pouvoir d\u2019Agb\u00f4m\u00ea<sup><a href=\"#footnote_12_3966\" id=\"identifier_13_3966\" class=\"footnote-link footnote-identifier-link\" title=\"Des sources orales font &eacute;tat de la pr&eacute;sence de chasseresse au moins au d&eacute;but de l&#039;&eacute;mergence d&#039;Agb&ocirc;m&ecirc;. H. d&#039;Almeida-Topor &eacute;voquera d&#039;ailleurs la possibilit&eacute; d&#039;une existence de celles-ci, pouvant &ecirc;tre ant&eacute;rieure ou contemporaine de la fondation du Danx&ocirc;m&egrave;. cf. Almeida-Topor,&nbsp;H&eacute;l&egrave;ne d&#039;.&nbsp;Les Amazones.&nbsp;N.p.:&nbsp;FeniXX r&eacute;&eacute;dition num&eacute;rique,&nbsp;1983.\">13<\/a><\/sup>, install\u00e9 dans les imaginaires, l\u2019\u00e9tendue et l\u2019\u00e9ventualit\u00e9 d\u2019un pouvoir que ses sujets c\u00f4toieront. Cette pr\u00e9sence, n\u2019est pas sans rappeler celle qui adviendra bien plus tard, dans la tournure improbable de l\u2019affrontement avec les forces arm\u00e9es ashanti \u00e0 Atakpam\u00e9 en 1764<sup><a href=\"#footnote_13_3966\" id=\"identifier_14_3966\" class=\"footnote-link footnote-identifier-link\" title=\"The Cambridge History of Africa.&nbsp;Royaume-Uni:&nbsp;Cambridge University Press,&nbsp;Forbes, Frederick E., 1975.\">14<\/a><\/sup>, puis au d\u00e9but de la d\u00e9cennie 1840<sup><a href=\"#footnote_14_3966\" id=\"identifier_15_3966\" class=\"footnote-link footnote-identifier-link\" title=\"Dahomey and the Dahomans; being the journals of two missions to the king of Dahomey, and residence at his capital, in the year and 1850. London, Longman, Brown, Green,and Longmans, 1851.\">15<\/a><\/sup>, dont la m\u00e9moire a conserv\u00e9 les d\u00e9tails, cela bien avant le r\u00e8gne de&nbsp;Gu\u00e9 si man si Gb\u00ea z\u00f4<sup><a href=\"#footnote_15_3966\" id=\"identifier_16_3966\" class=\"footnote-link footnote-identifier-link\" title=\"Phrase traduisible par &laquo; L&#039;oiseau cardinal ne peut enflammer la brousse. &raquo;\">16<\/a><\/sup>, plus connu sous le nom de roi Gu\u00e9z\u00f4.<br><br>Si l\u2019imp\u00e9ratif de subsistance en environnement relativement hostile, a fait perdurer un corps de gbet\u00f4 rudement entrain\u00e9es, assign\u00e9es scrupuleusement \u00e0 leur fonction premi\u00e8re, en revanche, l\u2019\u00e9laboration consid\u00e9rable des processus de recrutement collectifs, a fait correspondre \u00e0 la n\u00e9cessit\u00e9 de densifier les effectifs, l\u2019obligation de d\u00e9roger \u00e0 des r\u00e8gles restreignantes. Ainsi, l\u2019id\u00e9e de l\u2019enr\u00f4l\u00e9e du fait d\u2019une r\u00e9putation en conflictualit\u00e9 avec les m\u0153urs admis localement, s\u2019est progressivement effac\u00e9e pour inclure dans le processus, des femmes aux statuts vari\u00e9s &#8211; nobles ou roturi\u00e8res, volontaires ou conscrites, &#8211; en allant jusqu&rsquo;\u00e0 user selon les contraintes des tensions, de combinaisons incluant des chasseresses dans des offensives, comme sous le r\u00e8gne de l&rsquo;ax\u00f2su<sup><a href=\"#footnote_16_3966\" id=\"identifier_17_3966\" class=\"footnote-link footnote-identifier-link\" title=\"Traduisible par: Personne qui a autorit&eacute;\">17<\/a><\/sup> Gbowele.<\/p>\n\n\n\n<p class=\"has-black-color has-text-color has-yrsa-font-family has-custom-font wp-block-paragraph\" style=\"font-size:18px;font-family:Yrsa\">Agbajigbeto<sup><a href=\"#footnote_17_3966\" id=\"identifier_18_3966\" class=\"footnote-link footnote-identifier-link\" title=\"Terme d&eacute;signant la guerri&egrave;re fon, jouant un r&ocirc;le d&#039;espionne, prenant diff&eacute;rentes identit&eacute;s, adoptant des m&eacute;tiers la rendant difficilement soup&ccedil;onnable par l&#039;ennemi, elle fut utile pour la collecte de donn&eacute;es cruciales durant l&#039;exercice de ses fonctions. Cela afin de jouer un r&ocirc;le d&eacute;terminant, e.g. dans la ch&ucirc;te de Hu&eacute;da.\">18<\/a><\/sup>, intr\u00e9pides, f\u00e9rues de comp\u00e9titions, qu\u2019elles soient cantonn\u00e9es \u00e0 des garnisons officiant \u00e0 la cour royale comme Dj\u00e8dopko<sup><a href=\"#footnote_18_3966\" id=\"identifier_19_3966\" class=\"footnote-link footnote-identifier-link\" title=\"Unit&eacute;s astreintes &agrave; constituer la garde la plus proche des souverains.\">19<\/a><\/sup>, ou privil\u00e9gi\u00e9es issues de familles nanties comme les Ahouannaton, parfois \u00e9pouses arm\u00e9es en alerte constante, dissimulant leurs armes par des artifices, ces femmes partageaient une m\u00eame d\u00e9votion et fid\u00e9lit\u00e9 \u00e0 un sacerdoce auquel elles se pli\u00e8rent contre vents et marr\u00e9es. Cohorte faisant montre d\u2019une long\u00e9vit\u00e9 de la rigueur martiale, &#8211; \u00e0 l\u2019instar de la figure de Nansica<sup><a href=\"#footnote_19_3966\" id=\"identifier_20_3966\" class=\"footnote-link footnote-identifier-link\" title=\"&Agrave; ne pas identifier au personnage fictif de Nanisca. Elle fut une Ag&ocirc;d&ocirc;djich&eacute;, ayant servi sous le roi Gl&egrave;l&egrave; et son fils Gb&ecirc;hanzin, brillant par ses nombreux exploits, elle est rest&eacute;e dans les m&eacute;moires comme incarnation de la bravoure. Mentionn&eacute;e par exemple dans Alpern,&nbsp;Stanley B..&nbsp;Amazons of Black Sparta, 2nd Edition: The Women Warriors of Dahomey.&nbsp;&Eacute;tats-Unis:&nbsp;NYU Press,&nbsp;2011.\">20<\/a><\/sup>, avec laquelle la mise en garde \u00ab Ag\u00f4 ! \u00bb<sup><a href=\"#footnote_20_3966\" id=\"identifier_21_3966\" class=\"footnote-link footnote-identifier-link\" title=\"Traduisible par &laquo; Attention ! &raquo;, Cri pouss&eacute; par les soldates qu&#039;il participera &agrave; d&eacute;signer.\">21<\/a><\/sup> gardera un sens limpide et ne perdra en rien sa vigueur &#8211; c&rsquo;est une trajectoire emprunte de fureur et de passion, qui sera la sienne.<br><br>\u00c0 l\u2019\u00e9vidence, l\u2019on n\u2019a pu qu\u2019avec des captives et rebelles contestataires d\u2019ordres \u00e9tablis, alimenter des contingents \u00e9litistes, \u00e0 m\u00eames de d\u00e9fendre le territoire, le pouvoir du Dada<sup><a href=\"#footnote_21_3966\" id=\"identifier_22_3966\" class=\"footnote-link footnote-identifier-link\" title=\"Titre accord&eacute; et montrant une marque de respect, d&#039;honneur accord&eacute;. D&eacute;cern&eacute; aux femmes et aux hommes.\">22<\/a><\/sup>, et porter sa puissance jusqu\u2019aux confins du pays. Tout comme les hommes, ces guerri\u00e8res, bien que coutumi\u00e8res de potions cens\u00e9es les \u00e9loigner de la fertilit\u00e9, ont pu en tant que r\u00e9servistes<sup><a href=\"#footnote_22_3966\" id=\"identifier_23_3966\" class=\"footnote-link footnote-identifier-link\" title=\"H. d&#039;Almeida-Topor, met en &eacute;vidence le cas de volontaires vivant pleinement au sein de la soci&eacute;t&eacute; en temps de paix. cf. Almeida-Topor,&nbsp;H&eacute;l&egrave;ne d&#039;.&nbsp;Les Amazones.&nbsp;N.p.:&nbsp;FeniXX r&eacute;&eacute;dition num&eacute;rique,&nbsp;1983. | Jules Poirier, de son c&ocirc;t&eacute; &eacute;voquait notamment l&#039;existence d&#039;arm&eacute;es de r&eacute;serves compos&eacute;es de femmes. cf. Poirier,&nbsp;Jules.&nbsp;Campagne du Dahomey, 1892-1894: Pr&eacute;c&eacute;d&eacute;e d&#039;une &eacute;tude g&eacute;ographique et historique sur ce pays et suivie de la carte au 1\/500,000e &eacute;tablie au Bureau topographique de l&#039;&Eacute;tat-major du corps exp&eacute;ditionnaire par ordre de m. le g&eacute;n&eacute;ral Dodds.&nbsp;France:&nbsp;H. Charles-Lavauzelle,&nbsp;1895.\">23<\/a><\/sup>, en dehors des champs de bataille et de l\u2019appel martial, partager des vies familiales et maritales selon leurs choix. Cet \u00e9tat des choses a pu \u00e9voluer progressivement vers des contraintes accrues, le rendant relativement impossible, notamment sous les derniers r\u00e8gnes monarchiques. La vie \u00e0 l\u2019\u00e9cart, pour celles non enr\u00f4l\u00e9es comme Dj\u00e8dopko, fut une pratique admise en son temps comme n\u00e9cessaire, et a pu renforcer les myst\u00e8res autour de leurs habitudes.<\/p>\n\n\n<div class=\"wp-block-image\">\n<figure class=\"aligncenter size-full is-resized\"><img data-recalc-dims=\"1\" loading=\"lazy\" decoding=\"async\" data-attachment-id=\"3107\" data-permalink=\"https:\/\/enyema.com\/?attachment_id=3107\" data-orig-file=\"https:\/\/i0.wp.com\/enyema.com\/wp-content\/uploads\/2022\/11\/Fusil_Fon_2-removebg-preview.png?fit=810%2C308&amp;ssl=1\" data-orig-size=\"810,308\" data-comments-opened=\"1\" data-image-meta=\"{&quot;aperture&quot;:&quot;0&quot;,&quot;credit&quot;:&quot;&quot;,&quot;camera&quot;:&quot;&quot;,&quot;caption&quot;:&quot;&quot;,&quot;created_timestamp&quot;:&quot;0&quot;,&quot;copyright&quot;:&quot;&quot;,&quot;focal_length&quot;:&quot;0&quot;,&quot;iso&quot;:&quot;0&quot;,&quot;shutter_speed&quot;:&quot;0&quot;,&quot;title&quot;:&quot;&quot;,&quot;orientation&quot;:&quot;0&quot;}\" data-image-title=\"Fusil_Fon_2-removebg-preview\" data-image-description=\"\" data-image-caption=\"\" data-large-file=\"https:\/\/i0.wp.com\/enyema.com\/wp-content\/uploads\/2022\/11\/Fusil_Fon_2-removebg-preview.png?fit=810%2C308&amp;ssl=1\" src=\"https:\/\/i0.wp.com\/enyema.com\/wp-content\/uploads\/2022\/11\/Fusil_Fon_2-removebg-preview.png?resize=608%2C231&#038;ssl=1\" alt=\"\" class=\"wp-image-3107\" width=\"608\" height=\"231\" srcset=\"https:\/\/i0.wp.com\/enyema.com\/wp-content\/uploads\/2022\/11\/Fusil_Fon_2-removebg-preview.png?w=810&amp;ssl=1 810w, https:\/\/i0.wp.com\/enyema.com\/wp-content\/uploads\/2022\/11\/Fusil_Fon_2-removebg-preview.png?resize=300%2C114&amp;ssl=1 300w, https:\/\/i0.wp.com\/enyema.com\/wp-content\/uploads\/2022\/11\/Fusil_Fon_2-removebg-preview.png?resize=768%2C292&amp;ssl=1 768w\" sizes=\"auto, (max-width: 608px) 100vw, 608px\" \/><figcaption class=\"wp-element-caption\"><mark style=\"background-color:rgba(0, 0, 0, 0);color:#035686\" class=\"has-inline-color\">D\u00e0 fon, fusil de fabrication locale, avec baguette maintenue par des passants en cuir, avec deux protections coulissantes en peau, Dat\u00e9 XVIIIe-fin XIXe si\u00e8cle<sup><a href=\"#footnote_8_3966\" id=\"identifier_24_3966\" class=\"footnote-link footnote-identifier-link\" title=\"Collection mus&eacute;ale, Mus&eacute;e du Quai Branly, Paris.\">9<\/a><\/sup><br><\/mark><\/figcaption><\/figure>\n<\/div>\n\n\n<p class=\"has-black-color has-text-color has-yrsa-font-family has-custom-font wp-block-paragraph\" style=\"font-size:18px;font-family:Yrsa\">Il est difficile d\u2019\u00e9voquer le parcours de ces Agoodji\u00e8 (nom qui leur fut attribu\u00e9), sans pr\u00e9ciser la progressive et m\u00e9ticuleuse structuration de l\u2019arm\u00e9e du Danx\u00f4m\u00e8 au fil du temps. La n\u00e9cessit\u00e9 de la mont\u00e9e en puissance de celle-ci, dans un environnement d\u00e9j\u00e0 belliqueux d\u00e8s l&rsquo;installation des adja<sup><a href=\"#footnote_23_3966\" id=\"identifier_25_3966\" class=\"footnote-link footnote-identifier-link\" title=\"Peuple consid&eacute;r&eacute; dans des r&eacute;cits, comme partageant une ascendance avec les fon\">24<\/a><\/sup>, laisse sugg\u00e9rer un espace g\u00e9ographique aux conflits latents, aux abords des zones d&rsquo;influence Yoruba (Ketu, Ife, Ibarapa, etc.). <br><br>Cela va impulser plus tard, un dynamisme de la croissance des recrutements de combattant(e)s, les d\u00e9ployant dans tout le royaume, et d\u00e9finissant les param\u00e8tres d\u2019identification, de segmentation selon les sp\u00e9cialit\u00e9s, aussi par la volont\u00e9 des souverains de laisser leurs empruntes.<br>L\u2019arme \u00e0 feu, mousquet, tromblon, ou fusil plus avanc\u00e9, fit probablement une  entr\u00e9e remarquable dans les arsenaux pendant le r\u00e8gne de l&rsquo;ax\u00f2su Agadja<sup><a href=\"#footnote_24_3966\" id=\"identifier_26_3966\" class=\"footnote-link footnote-identifier-link\" title=\"Souverain dont le r&egrave;gne intervient apr&egrave;s celui de Hangb&ecirc;, et qui monte sur le tr&ocirc;ne, &agrave; la place du successeur d&eacute;sign&eacute; du vivant d&#039;Akaba; fr&egrave;re jumeau de Hangb&ecirc;, et premier monarque de la fratrie.\">25<\/a><\/sup>, conqu\u00e9rant de r\u00e9gions c\u00f4ti\u00e8res. Ainsi, celles qui utiliseront le D\u00e0 ou le T\u00fa, le fusil, apparaitront avec un \u00e9l\u00e9ment suppl\u00e9mentaire asseyant la supr\u00e9matie de ces femmes, sur des fronts o\u00f9 elles feront aussi bien usage de Gy\u00e0nkp\u00e0, machette, sabre, que de divers \u00e9quipements tranchants. Alors d\u2019un regard sceptique, nous observons l&rsquo;id\u00e9e d&rsquo;une organisation dans laquelle sur le th\u00e9\u00e2tre des op\u00e9rations, l\u2019usage du mousquet ou de la carabine eut \u00e9t\u00e9 d\u00e9volu \u00e0 d\u2019autres. Un soin particulier a donc \u00e9t\u00e9 mis, \u00e0 les doter des \u00e9quipements les plus performants. Il est par ailleurs difficile, d\u2019\u00e9tablir une subdivision fig\u00e9e de l\u2019arm\u00e9e (ce que l&rsquo;on pourrait penser par des lectures), celle-ci ayant \u00e9t\u00e9 consid\u00e9rablement r\u00e9organis\u00e9e sous diff\u00e9rents r\u00e8gnes.<br><br>C\u2019est fort de ces groupes de soldates &#8211; dont les noms ont \u00e9t\u00e9 pens\u00e9s pour intimider et sp\u00e9cifier une assignation dans le dispositif danx\u00f4m\u00e8nou<sup><a href=\"#footnote_25_3966\" id=\"identifier_27_3966\" class=\"footnote-link footnote-identifier-link\" title=\"Terme utilis&eacute; pour d&eacute;signer les populations du Danx&ocirc;m&egrave;\">26<\/a><\/sup>, &#8211; que le pouvoir \u00e9tendra son influence, envahissant au cours de la d\u00e9cennie 1720, les abords de la ville de Hu\u00e9da, terre de pr\u00e9dilection de n\u00e9gociants portugais, hollandais ou encore fran\u00e7ais.<br><br><\/p>\n\n\n<div class=\"wp-block-image\">\n<figure class=\"aligncenter size-large is-resized\"><img data-recalc-dims=\"1\" loading=\"lazy\" decoding=\"async\" data-attachment-id=\"3136\" data-permalink=\"https:\/\/enyema.com\/?attachment_id=3136\" data-orig-file=\"https:\/\/i0.wp.com\/enyema.com\/wp-content\/uploads\/2022\/11\/Fort-of-Judah-1.jpg?fit=1820%2C611&amp;ssl=1\" data-orig-size=\"1820,611\" data-comments-opened=\"1\" data-image-meta=\"{&quot;aperture&quot;:&quot;0&quot;,&quot;credit&quot;:&quot;&quot;,&quot;camera&quot;:&quot;&quot;,&quot;caption&quot;:&quot;&quot;,&quot;created_timestamp&quot;:&quot;0&quot;,&quot;copyright&quot;:&quot;&quot;,&quot;focal_length&quot;:&quot;0&quot;,&quot;iso&quot;:&quot;0&quot;,&quot;shutter_speed&quot;:&quot;0&quot;,&quot;title&quot;:&quot;&quot;,&quot;orientation&quot;:&quot;0&quot;}\" data-image-title=\"Fort-of-Judah-1\" data-image-description=\"\" data-image-caption=\"\" data-large-file=\"https:\/\/i0.wp.com\/enyema.com\/wp-content\/uploads\/2022\/11\/Fort-of-Judah-1.jpg?fit=1024%2C344&amp;ssl=1\" src=\"https:\/\/i0.wp.com\/enyema.com\/wp-content\/uploads\/2022\/11\/Fort-of-Judah-1.jpg?resize=447%2C150&#038;ssl=1\" alt=\"\" class=\"wp-image-3136\" width=\"447\" height=\"150\" srcset=\"https:\/\/i0.wp.com\/enyema.com\/wp-content\/uploads\/2022\/11\/Fort-of-Judah-1.jpg?resize=1024%2C344&amp;ssl=1 1024w, https:\/\/i0.wp.com\/enyema.com\/wp-content\/uploads\/2022\/11\/Fort-of-Judah-1.jpg?resize=300%2C101&amp;ssl=1 300w, https:\/\/i0.wp.com\/enyema.com\/wp-content\/uploads\/2022\/11\/Fort-of-Judah-1.jpg?resize=768%2C258&amp;ssl=1 768w, https:\/\/i0.wp.com\/enyema.com\/wp-content\/uploads\/2022\/11\/Fort-of-Judah-1.jpg?resize=1536%2C516&amp;ssl=1 1536w, https:\/\/i0.wp.com\/enyema.com\/wp-content\/uploads\/2022\/11\/Fort-of-Judah-1.jpg?resize=1200%2C403&amp;ssl=1 1200w, https:\/\/i0.wp.com\/enyema.com\/wp-content\/uploads\/2022\/11\/Fort-of-Judah-1.jpg?w=1820&amp;ssl=1 1820w\" sizes=\"auto, (max-width: 447px) 100vw, 447px\" \/><figcaption class=\"wp-element-caption\"><mark style=\"background-color:rgba(0, 0, 0, 0);color:#035686\" class=\"has-inline-color\">Gravure, vue Sud-Ouest du Fort Williams \u00e0 Ouidah, 1727, Appel\u00e9 Fida par les Hollandais, Juda par les fran\u00e7ais, et Whidah par les anglais. En 1732, ce fort fut marqu\u00e9 par les attaques des forces de l&rsquo;ax\u00f2su du Danx\u00f4m\u00e8<sup><a href=\"#footnote_26_3966\" id=\"identifier_28_3966\" class=\"footnote-link footnote-identifier-link\" title=\"William Smith, Thirty Different Drafts of Guinea (London, 1727), plate 28.\">27<\/a><\/sup>.<\/figcaption><\/figure>\n<\/div>\n\n\n<h2 class=\"wp-block-heading has-black-color has-text-color has-yrsa-font-family has-custom-font\" style=\"font-size:25px;font-family:Yrsa\"><br><strong>La M\u00e8re de Kp\u00f4<\/strong><\/h2>\n\n\n\n<p class=\"has-black-color has-text-color has-yrsa-font-family has-custom-font wp-block-paragraph\" style=\"font-size:18px;font-family:Yrsa\">Souvent la source de confusions, figure impressionnante, v\u00e9n\u00e9r\u00e9e par les arm\u00e9es, institution du pouvoir danx\u00f4m\u00e8nou apparue \u00e0 mi-chemin de la longue existence du royaume, la Kp\u00f4 ji to, celle qui met au monde la panth\u00e8re, est un symbole fort. Au sein du palais, elle a souvent incarn\u00e9 la g\u00e9nitrice des souverains, qu\u2019ils soient disparus ou en fonction. Elle se manifeste \u00e0 certains \u00e9gards, comme \u00e9tant un prolongement r\u00e9form\u00e9 &#8211; de la pr\u00e9sence imposante tout en restant discr\u00e8te &#8211; de l&rsquo;image de la reine m\u00e8re. Le lien de sang n\u2019\u00e9tant pas une condition sine qua non \u00e0 l\u2019incarnation de la fonction, les femmes officiant comme telle, ont \u00e9merg\u00e9 de milieux divers. <br><br>L\u2019on garde en m\u00e9moire le souvenir, de Kp\u00f4jito Hwanjile, sous le r\u00e8gne de Tegbessou, ant\u00e9rieurement captive introduite \u00e0 la cour d\u2019Agadja, dont les savoirs emmagasin\u00e9s et la dext\u00e9rit\u00e9 politique ont contribu\u00e9 \u00e0 lui donner une carrure consid\u00e9rable; ou encore celui de Na Agontim\u00e9<sup><a href=\"#footnote_27_3966\" id=\"identifier_29_3966\" class=\"footnote-link footnote-identifier-link\" title=\"Bay,&nbsp;Edna G..&nbsp;Wives of the Leopard: Gender, Politics, and Culture in the Kingdom of Dahomey.&nbsp;N.p.:&nbsp;University of Virginia Press,&nbsp;2012.\">28<\/a><\/sup>, sixi\u00e8me Kp\u00f4jito selon un d\u00e9compte possible, d\u00e9poss\u00e9d\u00e9e de son prestige et d\u00e9port\u00e9e<sup><a href=\"#footnote_28_3966\" id=\"identifier_30_3966\" class=\"footnote-link footnote-identifier-link\" title=\"Des &eacute;crits font &eacute;tat de sa d&eacute;portation par le souverain contest&eacute; Adandozan, fr&egrave;re d&#039;Akaba et de Tassin Hangb&ecirc;. Elle pourrait &ecirc;tre celle qui dans le film &laquo; The Woman King &raquo; paru en 2022, est indiqu&eacute;e comme avoir &eacute;t&eacute; vendue comme esclave.\">29<\/a><\/sup>. Selon des points de convergence, sa destination fut probablement le Br\u00e9sil<sup><a href=\"#footnote_29_3966\" id=\"identifier_31_3966\" class=\"footnote-link footnote-identifier-link\" title=\"Araujo,&nbsp;Ana&nbsp;Lucia. &laquo;History, Memory and Imagination: Na Agontim&eacute;, a Dahomean Queen in Brazil. &raquo; In Beyond Tradition: African Women in Cultural and Political Spaces.&nbsp;Royaume-Uni:&nbsp;Africa World Press,&nbsp;2011.\">30<\/a><\/sup>, o\u00f9 l\u2019hypoth\u00e8se de la continuit\u00e9 de l\u2019exercice de son r\u00f4le de pr\u00eatresse \u00e0 Casa das Minas, est soulev\u00e9e par Pierre Verger<sup><a href=\"#footnote_30_3966\" id=\"identifier_32_3966\" class=\"footnote-link footnote-identifier-link\" title=\"Pierre Verger, &laquo; Le culte des Vodoun d&#039;Abomey aurait-il &eacute;t&eacute; apport&eacute; &agrave; Saint-Louis de Maranhon par la m&egrave;re du roi Gh&eacute;zo ? &raquo;, &Eacute;tudes Dahom&eacute;ennes,1952.\">31<\/a><\/sup>.<\/p>\n\n\n<div class=\"wp-block-image\">\n<figure class=\"alignright size-medium is-resized\"><img data-recalc-dims=\"1\" loading=\"lazy\" decoding=\"async\" data-attachment-id=\"3184\" data-permalink=\"https:\/\/enyema.com\/?attachment_id=3184\" data-orig-file=\"https:\/\/i0.wp.com\/enyema.com\/wp-content\/uploads\/2022\/11\/Statue-femme-sur-le-trone.jpg?fit=455%2C600&amp;ssl=1\" data-orig-size=\"455,600\" data-comments-opened=\"1\" data-image-meta=\"{&quot;aperture&quot;:&quot;0&quot;,&quot;credit&quot;:&quot;&quot;,&quot;camera&quot;:&quot;&quot;,&quot;caption&quot;:&quot;&quot;,&quot;created_timestamp&quot;:&quot;0&quot;,&quot;copyright&quot;:&quot;&quot;,&quot;focal_length&quot;:&quot;0&quot;,&quot;iso&quot;:&quot;0&quot;,&quot;shutter_speed&quot;:&quot;0&quot;,&quot;title&quot;:&quot;&quot;,&quot;orientation&quot;:&quot;0&quot;}\" data-image-title=\"Statue-femme-sur-le-trone\" data-image-description=\"\" data-image-caption=\"\" data-large-file=\"https:\/\/i0.wp.com\/enyema.com\/wp-content\/uploads\/2022\/11\/Statue-femme-sur-le-trone.jpg?fit=455%2C600&amp;ssl=1\" src=\"https:\/\/i0.wp.com\/enyema.com\/wp-content\/uploads\/2022\/11\/Statue-femme-sur-le-trone.jpg?resize=101%2C133&#038;ssl=1\" alt=\"\" class=\"wp-image-3184\" width=\"101\" height=\"133\" srcset=\"https:\/\/i0.wp.com\/enyema.com\/wp-content\/uploads\/2022\/11\/Statue-femme-sur-le-trone.jpg?resize=228%2C300&amp;ssl=1 228w, https:\/\/i0.wp.com\/enyema.com\/wp-content\/uploads\/2022\/11\/Statue-femme-sur-le-trone.jpg?w=455&amp;ssl=1 455w\" sizes=\"auto, (max-width: 101px) 100vw, 101px\" \/><figcaption class=\"wp-element-caption\"><mark style=\"background-color:rgba(0, 0, 0, 0);color:#035686\" class=\"has-inline-color\">Ax\u00f2si, reine sur son tr\u00f4ne, Diff\u00e9rente de la Kp\u00f4jito<br>Laiton, Tr\u00f4ne en bois, dat\u00e9 d&rsquo;avant 1935<sup><a href=\"#footnote_8_3966\" id=\"identifier_33_3966\" class=\"footnote-link footnote-identifier-link\" title=\"Collection mus&eacute;ale, Mus&eacute;e du Quai Branly, Paris.\">9<\/a><\/sup><\/mark><\/figcaption><\/figure>\n<\/div>\n\n\n<p class=\"has-black-color has-text-color has-yrsa-font-family has-custom-font wp-block-paragraph\" style=\"font-size:18px;font-family:Yrsa\">Force politique certaine, int\u00e9gr\u00e9e dans un type de \u00ab&nbsp;tandem&nbsp;\u00bb que relaie la vision d\u2019Edna G. Bay, toutefois il convient d&rsquo;apporter une nuance. Avec la Kp\u00f4jito, il semble que nous soyons en face de pr\u00e9rogatives, certes \u00e0 m\u00eames d\u2019influer sur des successions par des strat\u00e9gies de positionnement de prot\u00e9g\u00e9(e)s au sein de la cour, mais qui contrastent significativement avec celles obtenues par Hangb\u00ea la t\u00e9m\u00e9raire, ax\u00f2si incarnant pleinement la femme-roi, lorsqu\u2019elle s\u2019assit sur le tr\u00f4ne. <br><br>Tout comme les jumeaux Akaba et Tassin \u00e9talent un r\u00e8gne dans lequel la seconde semble en retrait, dans le cas de Kp\u00f4jito, nous retrouvons d\u2019une certaine mani\u00e8re, nonobstant le m\u00e9rite de la philosophie du partage de pouvoir, une condition qui dira-t-on puise des origines dans les modalit\u00e9s du statut initial et n&rsquo;y d\u00e9roge pas r\u00e9ellement.<br><br>Diplomate, parlant \u00e0 l\u2019oreille du souverain, incitant \u00e0 des d\u00e9cisions cl\u00e9s, la Kp\u00f4jito fut au centre d\u2019attentions impliquant des offrandes venant de sujets. Recevant le respect d\u00fb \u00e0 leurs titres &#8211; par les Kpossi, reines favorites parfois au nombre de quarante et une, et Ahossi reines du second cercle, &#8211; les m\u00e8res des Kp\u00f4, ont su marquer le cours de la vie du Danx\u00f4m\u00e8, par l\u2019innovation de leur fonction et la pr\u00e9sence de leurs qualit\u00e9s intrins\u00e8ques, pour repr\u00e9senter des figures ins\u00e9parables du pouvoir. L\u2019institution de cette d\u00e9clinaison de la reine m\u00e8re, la logique qui l\u2019a soutenue, non d\u00e9pendante des liens biologiques, n&rsquo;a pu ainsi rester cantonn\u00e9e \u00e0 la r\u00e9gion d\u2019Agb\u00f4m\u00ea, se propageant dans d&rsquo;autres lieux.<br><br><\/p>\n\n\n\n<h2 class=\"wp-block-heading has-black-color has-text-color has-yrsa-font-family has-custom-font\" style=\"font-size:25px;font-family:Yrsa\"><strong>Des g\u00e9n\u00e9ralismes inop\u00e9rants<\/strong><\/h2>\n\n\n\n<p class=\"has-black-color has-text-color has-yrsa-font-family has-custom-font wp-block-paragraph\" style=\"font-size:18px;font-family:Yrsa\">Comment une soci\u00e9t\u00e9, dans laquelle l&rsquo;on ne retrouve pas \u00e0 proprement parler une logique fondamentale de l&rsquo;asservissement mercantile, a pu contribuer \u00e0 alimenter un trafic innommable sur une p\u00e9riode couvrant de nombreuses d\u00e9cennies d\u2019infamie ? <br>Il sera ici question, de replacer de la complexit\u00e9 dans une r\u00e9flexion qui ne peut s\u2019en d\u00e9faire, et rejeter des contorsions intellectuelles visant \u00e0 euph\u00e9miser ou disculper des postures gravissimes.<br><br>Les repr\u00e9sentations que l\u2019on se fabrique de moments historiques, sont expos\u00e9es aux influences des imaginaires que l\u2019on mobilise \u00e0 l\u2019\u00e9coute de termes, et \u00e0 l\u2019\u00e9vocation de p\u00e9riodes marquantes.<br>Si les pratiques d\u2019esclavage internes aux soci\u00e9t\u00e9s africaines subsahariennes, ne sont aucunement moralement plus acceptables que la condition de l\u2019esclave dans les plantations Outre-Atlantique, en revanche, leurs d\u00e9clinaisons, que l\u2019on soit au c\u0153ur de soci\u00e9t\u00e9s alladian, ashanti, ou au sein des espaces danx\u00f4m\u00e8nou, drainent des singularit\u00e9s qui ne peuvent \u00eatre ais\u00e9ment perceptibles sans se rapprocher de creusets&nbsp;ber\u00e7ant leurs environnements.<br><br>L\u2019argument mettant en sc\u00e8ne des soci\u00e9t\u00e9s au Sud du Sahara, naturellement structur\u00e9es en faveur d\u2019une logique de traite, souffre d\u2019une pertinence questionnable.<br>Des interactions conflictuelles r\u00e9currentes, des mises en captivit\u00e9 courantes faisant suite \u00e0 des querelles de succession, disputes de territoires, actions en r\u00e9ponse \u00e0 la pr\u00e9sence mena\u00e7ante de voisins belliqueux, ne sont en rien des crit\u00e8res d\u00e9cisifs pouvant expliquer et justifier les orientations que prendront des terreaux, les faisant basculer dans un ordre commercial, industrialisant la d\u00e9shumanisation et la servilit\u00e9, actant la cr\u00e9ation d\u2019alt\u00e9rit\u00e9s humaines continuelles, satisfaisant des vell\u00e9it\u00e9s d\u2018accumulation et de domination.<br>Tout comme l\u2019analyse des chemins de traite traversant le Sahara d\u00e8s le VIIIe si\u00e8cle, met au jour un agencement de contraintes, de d\u00e9cisions, et de coercition cr\u00e9ant de fait un afflux de captifs principalement vers le Nord et le Nord-Est, l&rsquo;existence d\u2019un esclavage dit patriarcal observ\u00e9e dans des r\u00e9gions foresti\u00e8res et c\u00f4ti\u00e8res Ouest-africaines, puisant aussi sa source dans un clivage entre ma\u00eetres et oblig\u00e9s, entre vainqueurs et populations expos\u00e9es, d\u00e9faites apr\u00e8s des guerres, n\u2019a suffi \u00e0 cr\u00e9er les conditions d\u2019\u00e9mergence d\u2019une n\u00e9cessit\u00e9 \u00e9conomique constante d\u2019un approvisionnement en personnes captives, dont d\u00e9pendra in\u00e9luctablement l\u2019alimentation en ressources vitales des entit\u00e9s souveraines, comme ce fut le cas \u00e0 Ath\u00e8nes au Ve si\u00e8cle, dont le mode d\u2019administration politique ne na\u00eet pas ab ovo, mais est rendu possible de fa\u00e7on d\u00e9cisive par l\u2019institution de l\u2019esclavage.<br><br>Quand Nuno Trist\u00e3o et Ant\u00e3o Goncalvez<sup><a href=\"#footnote_31_3966\" id=\"identifier_34_3966\" class=\"footnote-link footnote-identifier-link\" title=\"Zurara, G. . How Nuno Tristam went to Tira, and of the Moors that he took captive there. In C. Beazley &amp; E. Prestage (Eds.),&nbsp;The Chronicle of the Discovery and Conquest of Guinea&nbsp;(Cambridge Library Collection - Hakluyt First Series, pp. 96-98). Cambridge: Cambridge University Press, 2010.\">32<\/a><\/sup> ram\u00e8nent durant les ann\u00e9es 1440, des africains captur\u00e9s, enlev\u00e9s de leurs propres terres sans aucune bellig\u00e9rance pr\u00e9alable, des si\u00e8cles&nbsp;avant le contact des premiers officiels avec la chefferie Gl\u00e9hou\u00e9<sup><a href=\"#footnote_32_3966\" id=\"identifier_35_3966\" class=\"footnote-link footnote-identifier-link\" title=\"D&eacute;nomination ancienne de la ville de Ouidah. Cette derni&egrave;re, probablement sous le r&egrave;gne de Kpass&egrave;, rencontrera ceux qui joueront un r&ocirc;le d&eacute;terminant dans le commerce n&eacute;grier. Une tradition fait &eacute;tat d&#039;une fondation ayant un lien avec ce roi. Il aurait fond&eacute; une petite ferme appel&eacute;e Gl&eacute;hou&eacute;, ce qui est traduisible par &laquo; La maison (xw&eacute;) des champs &raquo;. Cet endroit serait &agrave; l&#039;origine de la d&eacute;signation utilis&eacute;e encore aujourd&#039;hui : Gl&eacute;hou&eacute; Kpass&egrave;-Tom&egrave;. Conclusions relay&eacute;es &eacute;galement par Alain Sinou. cf. Le comptoir de Ouidah: une ville africaine singuli&egrave;re. Paris: Karthala , 1995.\">33<\/a><\/sup>, nous avons des pr\u00e9mices d\u2019une entreprise qui n\u2019aura besoin de grand-chose, pour prendre des proportions consid\u00e9rables.<br>Il en est de m\u00eame, de motivations observ\u00e9es chez des explorateurs, lorsqu&rsquo;ils identifient la \u00ab Costa de Malegens \u00bb<sup><a href=\"#footnote_33_3966\" id=\"identifier_36_3966\" class=\"footnote-link footnote-identifier-link\" title=\"C&ocirc;te des mauvaises gens cf. Carte de la Guin&eacute;e et Pays circomvoisins: L&#039;Afrique de Marmol, 1667\">34<\/a><\/sup> sur le littoral ivoirien, vraisemblablement d\u00e9sign\u00e9e ainsi du fait d&rsquo;une attitude affich\u00e9e par des locaux, contrastant avec celles autorisant l&rsquo;instauration d&rsquo;\u00e9changes commerciaux avantageux. Les propos de Duarte Pacheco Pereira \u00e0 ce sujet<sup><a href=\"#footnote_34_3966\" id=\"identifier_37_3966\" class=\"footnote-link footnote-identifier-link\" title=\"&laquo; Les N&egrave;gres de cette c&ocirc;te sont de grands p&ecirc;cheurs et poss&egrave;dent des pirogues avec ch&acirc;teaux &agrave; l&#039;avant; ils ont des capuchons comme&nbsp;des voiles&nbsp;et vont nus et sont idol&acirc;tres: nous les appelons Bei&ccedil;udos (&laquo; aux l&egrave;vres &eacute;paisses &raquo;) et l&agrave; on ne fait pas de commerce. Ce sont de mauvaises gens. &raquo; cf. Azevedo Basto,&nbsp;Raphael Eduardo de.,&nbsp;Pacheco Pereira,&nbsp;Duarte.&nbsp;Esmeraldo de situ orbis.&nbsp;Br&eacute;sil:&nbsp;Imprensa Nacional,&nbsp;1892.\">35<\/a><\/sup>, sont particuli\u00e8rement \u00e9vocateurs.<br><br>Le XVe si\u00e8cle, verra la mat\u00e9rialisation sur le globe dit de Martim Behaim, d\u2019un territoire qui deviendra la cible de l\u2019exp\u00e9rimentation d\u2019une industrie qui fera d\u2019individus transport\u00e9s de divers endroits, de simples \u00ab capita \u00bb.<br>Les portugais sur les mers, atteignent la r\u00e9gion d\u00e9sign\u00e9e par le mot \u00ab Guin\u00e9e \u00bb, avec \u00e0 leur passif un usage de razzias, d\u00e9j\u00e0 maintes fois mises en \u0153uvre<sup><a href=\"#footnote_35_3966\" id=\"identifier_38_3966\" class=\"footnote-link footnote-identifier-link\" title=\"En t&eacute;moignent les guerres du XIe et XIIe si&egrave;cle dans la p&eacute;ninsule ib&eacute;rique\">36<\/a><\/sup>. En longeant les c\u00f4tes africaines apr\u00e8s Ceuta, c&rsquo;est tout en \u00e9tant motiv\u00e9s par une interpr\u00e9tation de textes donnant une tournure particuli\u00e8re \u00e0 une pratique existante, que certains d\u2019entre eux et non des moindres, comme Gomes Eanes de Zurara<sup><a href=\"#footnote_36_3966\" id=\"identifier_39_3966\" class=\"footnote-link footnote-identifier-link\" title=\"Consid&eacute;r&eacute; comme auteur du document le plus important de l&#039;Histoire de la &laquo; d&eacute;couverte &raquo; de la c&ocirc;te occidentale africaine, il fut sous le r&egrave;gne d&#039;Alphonse&nbsp;V, chevalier, chroniqueur royal officiel, puis Guarda-mor das escrituras, conservateur des Torre&nbsp;do&nbsp;Tombo, archives nationales.\">37<\/a><\/sup>, vont jeter leur d\u00e9volu sur des r\u00e9gions, qui dira-t-on abritent des \u00ab personnes \u00e0 la nature intrins\u00e8que servile \u00bb<sup><a href=\"#footnote_37_3966\" id=\"identifier_40_3966\" class=\"footnote-link footnote-identifier-link\" title=\"The Chronicle of the Discovery and Conquest of Guinea. Written by Gomes Eannes de Azurara: Volume I. (Chapters I-XL) with an Introduction on the Life and Writings of the Chronicler.&nbsp;Royaume-Uni:&nbsp;Hakluyt Society,&nbsp;2017.\">38<\/a><\/sup>, faisant d&rsquo;elles, le c\u0153ur de la cr\u00e9ation d\u2019une alt\u00e9rit\u00e9 utile \u00e0 des desseins port\u00e9s par la couronne de l\u2019\u00e9poque.<br><br>Le r\u00e9cit de la Traite, est \u00e0 l&rsquo;\u00e9vidence aussi celui de la construction d\u2019une identit\u00e9 servile, pouvant s\u2019accorder avec des objectifs de rayonnement d\u2019un pouvoir central expansionniste. Cette vision d&rsquo;un pr\u00e9alable th\u00e9orique<sup><a href=\"#footnote_38_3966\" id=\"identifier_41_3966\" class=\"footnote-link footnote-identifier-link\" title=\"Mat&eacute;rialis&eacute;e dans des &eacute;changes, notamment autour de la mal&eacute;diction de Cham, recevant &eacute;cho dans un espace impr&eacute;gn&eacute; d&rsquo;un lien fort avec le religieux et au contexte politique le facilitant, qui a fait l&rsquo;objet d&rsquo;une vaste litt&eacute;rature.\">39<\/a><\/sup>, est partag\u00e9e par Gnimbin A. Ouattara<sup><a href=\"#footnote_39_3966\" id=\"identifier_42_3966\" class=\"footnote-link footnote-identifier-link\" title=\"Portugal and the Curse of Cain: The Birth of the Transatlantic Slave &laquo; Trade &raquo;,&nbsp;1421-1441&nbsp;(Article). David Publishing April 1, 2021.\">40<\/a><\/sup>.<br><br>Les navigateurs qui rendront cela possible, deviendront un fer de lance d\u2019un ordre doctrinal, qui s\u00e9vira ensuite dans les Am\u00e9riques, notamment dans les engenhos<sup><a href=\"#footnote_40_3966\" id=\"identifier_43_3966\" class=\"footnote-link footnote-identifier-link\" title=\"D&eacute;signe au Br&eacute;sil, l&#039;installation de production de sucre, et par extension la surface agricole exploit&eacute;e.\">41<\/a><\/sup> de Pernambuco et de Para\u00edba, constitu\u00e9s avec l&rsquo;aide de fonds y compris hollandais<sup><a href=\"#footnote_41_3966\" id=\"identifier_44_3966\" class=\"footnote-link footnote-identifier-link\" title=\"La Hollande a &eacute;galement eu des possessions au Br&eacute;sil. La Dutch West India Company, fut active dans le commerce du sucre de canne. Les colons n&eacute;erlandais firent face &agrave; des r&eacute;voltes de colons portugais notamment au XVIIe si&egrave;cle, &agrave; la suite desquelles des territoires du Nord du Br&eacute;sil furent perdus.\">42<\/a><\/sup>.<br>La demande constante que produira ce choix de g\u00e9n\u00e9ration de richesses, ant\u00e9rieur m\u00eame \u00e0 la constitution du Danx\u00f4m\u00e8 et de forces politiques r\u00e9gionales comme celle de Hu\u00e9da, tablant sur des esp\u00e9rances de vies ne d\u00e9passant pas souvent dix ans dans l\u2019affre des plantations<sup><a href=\"#footnote_42_3966\" id=\"identifier_45_3966\" class=\"footnote-link footnote-identifier-link\" title=\"Hoerder,&nbsp;Dirk.&nbsp;Cultures in Contact: World Migrations in the Second Millennium.&nbsp;Royaume-Uni:&nbsp;Duke University Press,&nbsp;2002.\">43<\/a><\/sup>, va s\u2019articuler non seulement autour d\u2019une captation de capitaux d\u2019origines multiples, mais aussi de la sophistication et la financiarisation de m\u00e9canismes, qui seront des \u00e9l\u00e9ments d\u00e9terminants, permettant de jauger l\u2019intensit\u00e9 de la volont\u00e9 de p\u00e9renniser et d\u2019accro\u00eetre des activit\u00e9s \u00e0 la rentabilit\u00e9 significativement attractive.<br><br>L\u2019une des d\u00e9clinaisons de cette d\u00e9marche, s\u2019est t\u00f4t retrouv\u00e9e dans le r\u00f4le de Joao de Santar\u00e9m et Pedro Escobar, ouvriers \u00e0 la fois de la naissance de la Fortaleza S\u00e3o Jorge da Mina et de l\u2019essor de la strat\u00e9gique colonie de S\u00e3o Tom\u00e9.<br>Cette conception particuli\u00e8re, fera aboutir \u00e0 des valeurs marchandes en jeu, d\u2019un ordre de grandeur bien diff\u00e9rent de celui de la dizaine de manilles en alliages cuivreux, vers\u00e9e en contrepartie de l\u2019acquisition d\u2019un esclave achet\u00e9 sur les c\u00f4tes de la baie du B\u00e9nin.<br>Avec la production g\u00e9n\u00e9r\u00e9e par la force de travail esclavagis\u00e9e, il fut ainsi possible d\u2019atteindre et de d\u00e9passer une productivit\u00e9 annuelle d\u2019environ 1 458 arrobas (27 tonnes) de cannes par esclave<sup><a href=\"#footnote_43_3966\" id=\"identifier_46_3966\" class=\"footnote-link footnote-identifier-link\" title=\"Taylor, Kit Sims. &laquo; The Economics of Sugar and Slavery in Northeastern Brazil. &raquo; Agricultural History 44, no. 3 (1970): 267&ndash;80.\">44<\/a><\/sup>.<br><br>Apr\u00e8s la domination de Mad\u00e8re en tant que leader de la production au d\u00e9but du XVIe si\u00e8cle, par l\u2019entremise de la main-d\u2019\u0153uvre subsaharienne d\u00e9port\u00e9e, et cons\u00e9cutivement aux obstacles \u00e0 l\u2019implantation de plantations sur le continent africain, la production br\u00e9silienne de sucre support\u00e9e par une centaine d\u2019entre elles, atteindra les 400 000 arrobas (plus de 5 500 tonnes) au cours de l\u2019ann\u00e9e 1583. <br>L\u2019on d\u00e9passera les 1 200 000 arrobas en 1629, avec un prix de plus de 1 000 r\u00e9is pour une dizaine de kilogrammes de sucre<sup><a href=\"#footnote_44_3966\" id=\"identifier_47_3966\" class=\"footnote-link footnote-identifier-link\" title=\"Ebert, C. &laquo; Chapter Eight. Supply, demand, prices and profitability &raquo;. In Between Empires: Brazilian Sugar in the Early Atlantic Economy,1550-1630, (Leiden, The Netherlands: Brill, 2008)\">45<\/a><\/sup>.<\/p>\n\n\n<div class=\"wp-block-image\">\n<figure class=\"aligncenter size-large is-resized\"><img data-recalc-dims=\"1\" loading=\"lazy\" decoding=\"async\" data-attachment-id=\"6021\" data-permalink=\"https:\/\/enyema.com\/?attachment_id=6021\" data-orig-file=\"https:\/\/i0.wp.com\/enyema.com\/wp-content\/uploads\/2023\/01\/Manilles_Douro-removebg.jpg?fit=2363%2C1648&amp;ssl=1\" data-orig-size=\"2363,1648\" data-comments-opened=\"1\" data-image-meta=\"{&quot;aperture&quot;:&quot;0&quot;,&quot;credit&quot;:&quot;&quot;,&quot;camera&quot;:&quot;&quot;,&quot;caption&quot;:&quot;&quot;,&quot;created_timestamp&quot;:&quot;0&quot;,&quot;copyright&quot;:&quot;Archives Familiales Bony&quot;,&quot;focal_length&quot;:&quot;0&quot;,&quot;iso&quot;:&quot;0&quot;,&quot;shutter_speed&quot;:&quot;0&quot;,&quot;title&quot;:&quot;&quot;,&quot;orientation&quot;:&quot;0&quot;}\" data-image-title=\"Manilles_Douro-removebg\" data-image-description=\"\" data-image-caption=\"\" data-large-file=\"https:\/\/i0.wp.com\/enyema.com\/wp-content\/uploads\/2023\/01\/Manilles_Douro-removebg.jpg?fit=1024%2C714&amp;ssl=1\" src=\"https:\/\/i0.wp.com\/enyema.com\/wp-content\/uploads\/2023\/01\/Manilles_Douro-removebg.jpg?resize=326%2C227&#038;ssl=1\" alt=\"\" class=\"wp-image-6021\" width=\"326\" height=\"227\" srcset=\"https:\/\/i0.wp.com\/enyema.com\/wp-content\/uploads\/2023\/01\/Manilles_Douro-removebg.jpg?resize=1024%2C714&amp;ssl=1 1024w, https:\/\/i0.wp.com\/enyema.com\/wp-content\/uploads\/2023\/01\/Manilles_Douro-removebg.jpg?resize=300%2C209&amp;ssl=1 300w, https:\/\/i0.wp.com\/enyema.com\/wp-content\/uploads\/2023\/01\/Manilles_Douro-removebg.jpg?resize=768%2C536&amp;ssl=1 768w, https:\/\/i0.wp.com\/enyema.com\/wp-content\/uploads\/2023\/01\/Manilles_Douro-removebg.jpg?resize=1536%2C1071&amp;ssl=1 1536w, https:\/\/i0.wp.com\/enyema.com\/wp-content\/uploads\/2023\/01\/Manilles_Douro-removebg.jpg?resize=2048%2C1428&amp;ssl=1 2048w, https:\/\/i0.wp.com\/enyema.com\/wp-content\/uploads\/2023\/01\/Manilles_Douro-removebg.jpg?resize=1200%2C837&amp;ssl=1 1200w\" sizes=\"auto, (max-width: 326px) 100vw, 326px\" \/><figcaption class=\"wp-element-caption\"><mark style=\"background-color:rgba(0, 0, 0, 0);color:#035686\" class=\"has-inline-color\">Manille en laiton proche du style britannique et datant du XIXe si\u00e8cle<sup><a href=\"#footnote_45_3966\" id=\"identifier_48_3966\" class=\"footnote-link footnote-identifier-link\" title=\"Amgueddfa Cymru - Collection Mus&eacute;ale, National Museum Wales.\">46<\/a><\/sup><br>Elle est issue d&rsquo;une \u00e9pave localis\u00e9e au large des \u00celes Sorlingues, \u00e0 proximit\u00e9 des c\u00f4tes anglaises.<br>La cargaison contenait plus d&rsquo;une tonne de manilles, et la masse de tels artefacts oscille entre 80 g et 400 g.<br>Il est \u00e0 noter au fil du temps, une variation de forme et de masse selon les usines europ\u00e9ennes de production et les march\u00e9s d&rsquo;esclaves africains de collecte, entrant en ad\u00e9quation avec l&rsquo;accessibilit\u00e9 des m\u00e9taux (cuivre, \u00e9tain, etc.), et les besoins de standardisation de ces monnaies d&rsquo;\u00e9change souvent stock\u00e9es par dizaines de tonnes dans des factories locales.<\/mark><\/figcaption><\/figure>\n<\/div>\n\n\n<p class=\"has-black-color has-text-color has-yrsa-font-family has-custom-font wp-block-paragraph\" style=\"font-size:18px;font-family:Yrsa\">Le prix d\u2019acquisition d\u2019une manille, estim\u00e9 \u00e0 10 r\u00e9is en Flandre au cours de la premi\u00e8re moiti\u00e9 du XVIe si\u00e8cle<sup><a href=\"#footnote_46_3966\" id=\"identifier_49_3966\" class=\"footnote-link footnote-identifier-link\" title=\"Herbert,&nbsp;Eugenia W..&nbsp;Red Gold of Africa: Copper in Precolonial History and Culture.&nbsp;Royaume-Uni:&nbsp;University of Wisconsin Press,&nbsp;1984.\">47<\/a><\/sup><strong>, <\/strong>rapproch\u00e9 \u00e0 la valeur d\u2019\u00e9change d\u2019un esclave &#8211; qui fut de quelques manilles &#8211; et des revenus g\u00e9n\u00e9r\u00e9s par la production d\u2019un engenho, comprenant autour de 100 esclaves &#8211; pour les plus importants d&rsquo;entre eux<sup><a href=\"#footnote_47_3966\" id=\"identifier_50_3966\" class=\"footnote-link footnote-identifier-link\" title=\"A Forced Hand: Natives, Africans, and the Population of Brazil, 1545&ndash;1850. Revista de Historia Econ&oacute;mica\/Journal of Iberian and Latin American Economic History 31(2):285&ndash;317. Bucciferro, Justin R. 2015\">48<\/a><\/sup>, &#8211; permet de se faire une id\u00e9e de revenus engrang\u00e9s.<br>L\u2019\u00e9lasticit\u00e9 de la demande d&rsquo;esclaves par rapport au prix, est un \u00e9l\u00e9ment additionnel permettant de mesurer la persistance de la demande et l\u2019incitation \u00e0 s\u2019approvisionner, entre autres par une faible sensibilit\u00e9 des acheteurs, \u00e0 la hausse des prix propos\u00e9s<sup><a href=\"#footnote_48_3966\" id=\"identifier_51_3966\" class=\"footnote-link footnote-identifier-link\" title=\"Manning,&nbsp;Patrick.&nbsp;Slavery, Colonialism and Economic Growth in Dahomey, 1640-1960.&nbsp;Royaume-Uni:&nbsp;Cambridge University Press,&nbsp;2004.\">49<\/a><\/sup> durant le dernier quart du XVIIe si\u00e8cle.<br><\/p>\n\n\n\n<h2 class=\"wp-block-heading has-black-color has-text-color has-yrsa-font-family has-custom-font\" style=\"font-size:25px;font-family:Yrsa\"><br><strong>Une \u00e9conomie danx\u00f4m\u00e8nou de traite&nbsp;?<\/strong><\/h2>\n\n\n\n<p class=\"has-black-color has-text-color has-yrsa-font-family has-custom-font wp-block-paragraph\" style=\"font-size:18px;font-family:Yrsa\">En \u00e9vitant de nous saisir d\u2019une matrice ouvrant le champ \u00e0 des responsabilit\u00e9s indistinctes &#8211; se fondant dans l\u2019horreur des pratiques questionn\u00e9es &#8211; il convient de dresser un tableau relativement large, des imbrications et des volont\u00e9s ayant fa\u00e7onn\u00e9 ce pass\u00e9. La volont\u00e9 de d\u00e9corr\u00e9ler les choix et d\u00e9cisions, des implications qu&rsquo;ils ont sur la dur\u00e9e, conduit \u00e0 ne s&rsquo;attarder que sur l&rsquo;\u00e9tat de cons\u00e9quences en fin de processus, et \u00e0 fausser les compr\u00e9hensions, dont celles de m\u00e9canismes.<br><br>La soci\u00e9t\u00e9 fon d&rsquo;Agb\u00f4m\u00ea, mue par des vell\u00e9it\u00e9s guerri\u00e8res per\u00e7ues d\u00e9j\u00e0 durant sa fondation, &#8211; et plus largement repr\u00e9sentatives de si\u00e8cles africains aux bouillonnantes interactions dans lesquelles les centres de pouvoir se faisaient et d\u00e9faisent au gr\u00e9 des rapports de force &#8211; se situe au d\u00e9part \u00e0 bonne distance d\u2019\u00c9tats de la r\u00e9gion, premiers \u00e0 voir \u00e9riger des b\u00e2tisses europ\u00e9ennes de traite.<br>Dans ce cadre, travers\u00e9 plus tard par l&rsquo;aura de rois-dieux, aux pouvoirs qui c\u00f4toieront autorit\u00e9 terrestre et l\u00e9gitimation divine, aux implications d\u00e9passant parfois l\u2019imaginable, les Ag\u00f4d\u00f4djich\u00e9 aux c\u00f4t\u00e9s des autres forces arm\u00e9es royales, conditionn\u00e9es implicitement par une autorit\u00e9 transcendantale, \u00e0 laquelle elles-m\u00eames n\u2019\u00e9chappaient pas &#8211; comme le rappelle la m\u00e9moire danx\u00f4m\u00e8nou, &#8211; m\u00e8neront sous des r\u00e8gnes marquants comme celui d\u2019Adandozan<sup><a href=\"#footnote_49_3966\" id=\"identifier_52_3966\" class=\"footnote-link footnote-identifier-link\" title=\"Coquery-Vidrovitch, Catherine: La&nbsp;f&ecirc;te&nbsp;des&nbsp;Coutumes&nbsp;au&nbsp;Dahomey.&nbsp;Historique&nbsp;et&nbsp;essai&nbsp;d&#039;interpr&eacute;tation, Annales, vol. XIX, 1964.\">50<\/a><\/sup>, des exp\u00e9ditions qui vont grossir le nombre de captifs, et trouver mati\u00e8re \u00e0 alimenter des volont\u00e9s sacrificielles, dans des c\u00e9l\u00e9brations p\u00e9riodiques qui vont s&rsquo;intensifier bien tardivement.<br><br>Ces mat\u00e9rialisations de la d\u00e9mesure du pouvoir, occasions indirectes de glorifier la prouesse des soldat(e)s par des parades, ce que l\u2019on va d\u00e9signer par le terme coutume, comme le note notamment C. Coquery-Vidrovitch, a d\u00e9pendu consid\u00e9rablement dans son \u00e9volution aberrante contest\u00e9e au sein de l&rsquo;appareil d\u00e9cisionnaire, &#8211; retranscrite aussi par l\u2019opposition entre le roi Kpengla et les Bokonon, interpr\u00e8tes du Fa, l\u2019oracle<sup><a href=\"#footnote_50_3966\" id=\"identifier_53_3966\" class=\"footnote-link footnote-identifier-link\" title=\"D&eacute;saccord marquant au sujet de l&#039;interpr&eacute;tation du tremblement de terre qui marqua le r&egrave;gne de Kpengla, et questionnant ainsi le rapport aux sacrifices humains, auxquels les Bokonon imputaient la responsabilit&eacute;.\">51<\/a><\/sup>, &#8211; de l&rsquo;intensit\u00e9 de l&rsquo;activit\u00e9 des n\u00e9gociants.<br><br>Des d\u00e9cennies auparavant, lorsque le pouvoir du Danx\u00f4m\u00e8 par le biais d\u2019Agadja, parvint \u00e0 se cr\u00e9er un autre acc\u00e8s maritime en faisant tomber celui des ma\u00eetres de Hu\u00e9da, il le fait dans une confusion quasi-g\u00e9n\u00e9rale, non \u00e9trang\u00e8re au flou qui recouvre des intentions que n\u2019arrivent \u00e0 discerner des interm\u00e9diaires de l\u2019\u00e9poque. Ceux-ci, en provenance de Bahia, ou mobilis\u00e9s par la satisfaction de demandes cons\u00e9quentes dans le Nouveau Monde en qu\u00eate de main d\u2019\u0153uvre &#8211; et d\u00e9j\u00e0 fortement engag\u00e9s dans des transactions avec comme seul bien d\u2019\u00e9change clairement d\u00e9sir\u00e9 et exig\u00e9, l\u2019humain &#8211; vont voir s\u2019effondrer leurs activit\u00e9s pendant des ann\u00e9es.<br>Les correspondances<sup><a href=\"#footnote_51_3966\" id=\"identifier_54_3966\" class=\"footnote-link footnote-identifier-link\" title=\"Verger,&nbsp;Pierre.&nbsp;Flux et reflux de la traite des n&egrave;gres entre le Golfe de B&eacute;nin et Bahia de Todos os Santos du XVIIe au XIXe si&egrave;cle.&nbsp;Allemagne:&nbsp;De Gruyter,&nbsp;2011.\">52<\/a><\/sup> entretenues par les directeurs de factories<sup><a href=\"#footnote_52_3966\" id=\"identifier_55_3966\" class=\"footnote-link footnote-identifier-link\" title=\"Ou encore Factoreries: Lieux de traite, Forts construits pour l&rsquo;occasion.\">53<\/a><\/sup> et leurs seigneurs, sont \u00e0 ce titre fort instructives, et permettent d&rsquo;enrichir la lecture de ces \u00e9v\u00e8nements.<br><br>En avril 1730, Jo\u00e3o Basilio, \u00e0 la direction de la Fortaleza S\u00e3o Jo\u00e3o Batista d&rsquo;Ajuda<sup><a href=\"#footnote_53_3966\" id=\"identifier_56_3966\" class=\"footnote-link footnote-identifier-link\" title=\"Fort portugais de Ouidah, dont la construction a d&eacute;but&eacute; en 1721. Il mat&eacute;rialise une prise de position strat&eacute;gique par le Portugal, dans un environnement dans lequel anglais et fran&ccedil;ais &eacute;taient d&eacute;j&agrave; particuli&egrave;rement actifs.\">54<\/a><\/sup>, \u00e9voqua les bouleversements cons\u00e9cutifs aux attaques danx\u00f4m\u00e8nou en ces termes: \u00ab La c\u00f4te de Mina est toujours dans la m\u00eame situation. Tant qu\u2019il y aura le Daom\u00e9, ces d\u00e9sordres continueront. Celui-ci est entr\u00e9 en n\u00e9gociation avec Ayo<sup><a href=\"#footnote_54_3966\" id=\"identifier_57_3966\" class=\"footnote-link footnote-identifier-link\" title=\"Tr&egrave;s probablement une appellation de l&#039;empire Yoruba, Oyo, repr&eacute;sent&eacute; par son Alaafin, souverain. Il &eacute;tait le seul v&eacute;ritablement capable de freiner les avanc&eacute;es fon, selon des &eacute;crits de l&#039;&eacute;poque.\">55<\/a><\/sup> [\u2026] S\u2019ils font la paix, il y aura peu d\u2019espoir de voir porter rem\u00e8des aux dommages que l\u2019on subit, parce que le Daom\u00e9 emp\u00eache le passage des esclaves et vole les n\u00e8gres qui vont \u00e0 l\u2019int\u00e9rieur les acheter. Il insulte les localit\u00e9s o\u00f9 vivent les blancs, raison pour laquelle ils vivent tous dans l\u2019incertitude et avec de grands risques pour leur vie. \u00bb.<br>Un bon moment va alors s&rsquo;\u00e9couler, avant que les marchands ne r\u00e9ussissent \u00e0 r\u00e9tablir l\u2019attractivit\u00e9 de la contrepartie souvent aurif\u00e8re<sup><a href=\"#footnote_55_3966\" id=\"identifier_58_3966\" class=\"footnote-link footnote-identifier-link\" title=\"L&#039;or fut particuli&egrave;rement utilis&eacute; par les n&eacute;gociants, &agrave; tel point que certains en d&eacute;pensaient (pour acqu&eacute;rir des humains), bien plus qu&#039;ils n&#039;en emportaient en partant du Br&eacute;sil.\">56<\/a><\/sup>, aux multiples usages dans une r\u00e9gion d\u00e9sireuse de moyens permettant conqu\u00eates et th\u00e9saurisation.<br>W. Snelgrave, marchand d&rsquo;esclaves reconnu et averti, constatera dans son ouvrage paru en 1734: \u00ab Le roi du Dahom\u00e8 n&rsquo;entretient point un commerce r\u00e9gl\u00e9, il ne vend que ceux qui sont pris \u00e0 la guerre. \u00bb.<br><br>Si les conclusions d\u2019Isaac A. Akindjogbin, sur la volont\u00e9 abolitionniste \u00e9mise par le Danx\u00f4m\u00e8 avant 1740<sup><a href=\"#footnote_56_3966\" id=\"identifier_59_3966\" class=\"footnote-link footnote-identifier-link\" title=\"Akinjogbin,&nbsp;I. A.. Dahomey and Its Neighbours, 1708-1818.&nbsp;Royaume-Uni:&nbsp;Cambridge U.P.,&nbsp;1967.\">57<\/a><\/sup>, sont nuanc\u00e9es par celles de David Henige et Marion Johnson<sup><a href=\"#footnote_57_3966\" id=\"identifier_60_3966\" class=\"footnote-link footnote-identifier-link\" title=\"David Henige&nbsp;and&nbsp;Marion Johnson, &#039;Agaja and the Slave Trade: Another Look at the Evidence&#039;, History in Africa, 1976.\">58<\/a><\/sup>, en revanche elles convergent sur le caract\u00e8re d\u00e9terminant d\u2019une demande, qui s\u2019est sans cesse \u00e9vertu\u00e9e \u00e0 maintenir en place une incitation d\u00e9lib\u00e9r\u00e9e, ainsi que des structures de traite.<br>Les propos de J. Henniker, \u00e9lu de la Chambre des communes, rapport\u00e9s en 1789, sont repr\u00e9sentatifs de cette id\u00e9e d&rsquo;une servitude d\u00e9shumanisante n\u00e9cessaire \u00e0 grande \u00e9chelle, \u00ab Si nous ne leur enlevons pas les esclaves (les captifs), les mis\u00e9rables souffriront encore plus durement. \u00bb.<\/p>\n\n\n<div class=\"wp-block-image\">\n<figure class=\"aligncenter size-large is-resized\"><img data-recalc-dims=\"1\" loading=\"lazy\" decoding=\"async\" data-attachment-id=\"3299\" data-permalink=\"https:\/\/enyema.com\/?attachment_id=3299\" data-orig-file=\"https:\/\/i0.wp.com\/enyema.com\/wp-content\/uploads\/2022\/11\/The_battle_off_Lagos_August_18_1759.jpg?fit=4519%2C2880&amp;ssl=1\" data-orig-size=\"4519,2880\" data-comments-opened=\"1\" data-image-meta=\"{&quot;aperture&quot;:&quot;0&quot;,&quot;credit&quot;:&quot;&quot;,&quot;camera&quot;:&quot;&quot;,&quot;caption&quot;:&quot;&quot;,&quot;created_timestamp&quot;:&quot;0&quot;,&quot;copyright&quot;:&quot;&quot;,&quot;focal_length&quot;:&quot;0&quot;,&quot;iso&quot;:&quot;0&quot;,&quot;shutter_speed&quot;:&quot;0&quot;,&quot;title&quot;:&quot;&quot;,&quot;orientation&quot;:&quot;0&quot;}\" data-image-title=\"The_battle_off_Lagos_August_18_1759\" data-image-description=\"\" data-image-caption=\"\" data-large-file=\"https:\/\/i0.wp.com\/enyema.com\/wp-content\/uploads\/2022\/11\/The_battle_off_Lagos_August_18_1759.jpg?fit=1024%2C653&amp;ssl=1\" src=\"https:\/\/i0.wp.com\/enyema.com\/wp-content\/uploads\/2022\/11\/The_battle_off_Lagos_August_18_1759.jpg?resize=388%2C247&#038;ssl=1\" alt=\"\" class=\"wp-image-3299\" width=\"388\" height=\"247\" srcset=\"https:\/\/i0.wp.com\/enyema.com\/wp-content\/uploads\/2022\/11\/The_battle_off_Lagos_August_18_1759.jpg?resize=1024%2C653&amp;ssl=1 1024w, https:\/\/i0.wp.com\/enyema.com\/wp-content\/uploads\/2022\/11\/The_battle_off_Lagos_August_18_1759.jpg?resize=300%2C191&amp;ssl=1 300w, https:\/\/i0.wp.com\/enyema.com\/wp-content\/uploads\/2022\/11\/The_battle_off_Lagos_August_18_1759.jpg?resize=768%2C489&amp;ssl=1 768w, https:\/\/i0.wp.com\/enyema.com\/wp-content\/uploads\/2022\/11\/The_battle_off_Lagos_August_18_1759.jpg?resize=1536%2C979&amp;ssl=1 1536w, https:\/\/i0.wp.com\/enyema.com\/wp-content\/uploads\/2022\/11\/The_battle_off_Lagos_August_18_1759.jpg?resize=2048%2C1305&amp;ssl=1 2048w, https:\/\/i0.wp.com\/enyema.com\/wp-content\/uploads\/2022\/11\/The_battle_off_Lagos_August_18_1759.jpg?resize=1200%2C765&amp;ssl=1 1200w, https:\/\/i0.wp.com\/enyema.com\/wp-content\/uploads\/2022\/11\/The_battle_off_Lagos_August_18_1759.jpg?resize=625%2C400&amp;ssl=1 625w, https:\/\/i0.wp.com\/enyema.com\/wp-content\/uploads\/2022\/11\/The_battle_off_Lagos_August_18_1759.jpg?w=2880&amp;ssl=1 2880w, https:\/\/i0.wp.com\/enyema.com\/wp-content\/uploads\/2022\/11\/The_battle_off_Lagos_August_18_1759.jpg?w=4320&amp;ssl=1 4320w\" sizes=\"auto, (max-width: 388px) 100vw, 388px\" \/><figcaption class=\"wp-element-caption\"><mark style=\"background-color:rgba(0, 0, 0, 0);color:#035686\" class=\"has-inline-color\">Vue de la bataille de Lagos (Ville du Portugal), au cours de la guerre de Sept Ans (1756-1763)<sup><a href=\"#footnote_58_3966\" id=\"identifier_61_3966\" class=\"footnote-link footnote-identifier-link\" title=\"Joutard,&nbsp;Philippe.,&nbsp;Poton,&nbsp;Didier.,&nbsp;Veyssi&egrave;re,&nbsp;Laurent.&nbsp;Vers un nouveau monde atlantique: Les trait&eacute;s de Paris, 1763-1783.&nbsp;France:&nbsp;Presses universitaires de Rennes,&nbsp;2018.\">59<\/a><\/sup>, opposant entre autres la flotte navale britannique <sup><a href=\"#footnote_59_3966\" id=\"identifier_62_3966\" class=\"footnote-link footnote-identifier-link\" title=\"Conflit majeur, que W. Churchill d&eacute;signera comme la premi&egrave;re guerre mondiale. cf. H&eacute;lie,&nbsp;J&eacute;r&ocirc;me.&nbsp;Le XVIIIe si&egrave;cle.&nbsp;France:&nbsp;Armand Colin,&nbsp;2021. Ce conflit a eu des ramifications tr&egrave;s &eacute;tendues, impliquant de multiples pays. Il a vu &eacute;galement la Grande-Bretagne, s&#039;emparer de l&#039;&icirc;le strat&eacute;gique de Gor&eacute;e, mettant la main ainsi sur un profitable commerce, saisissant des activit&eacute;s ant&eacute;rieurement contr&ocirc;l&eacute;es par la France.\">60<\/a><\/sup>, \u00e0 celles d&rsquo;autres Nations sentant menac\u00e9s le contr\u00f4le sur leurs colonies et les commerces pratiqu\u00e9s<sup><a href=\"#footnote_60_3966\" id=\"identifier_63_3966\" class=\"footnote-link footnote-identifier-link\" title=\"Tableau de Richard Paton (London 1717-1791) Bohnams - The battle of Lagos, August 18, 1759 Lot number: 25777\/lot\/76\/ 19th Century European Paintings, 8 Jul 2020, New York.\">61<\/a><\/sup>.<\/figcaption><\/figure>\n<\/div>\n\n\n<p class=\"has-black-color has-text-color has-yrsa-font-family has-custom-font wp-block-paragraph\" style=\"font-size:18px;font-family:Yrsa\">L\u2019interpr\u00e9tation faite par Bernard Gainot<sup><a href=\"#footnote_61_3966\" id=\"identifier_64_3966\" class=\"footnote-link footnote-identifier-link\" title=\"Gainot, Bernard. &laquo; Le Dahomey dans la &laquo; colonisation nouvelle &raquo; 1799 &raquo;,&nbsp;Dix-huiti&egrave;me si&egrave;cle, vol. 44, no. 1, 2012, pp. 97-116.\">62<\/a><\/sup>, consid\u00e9rant le trafic d\u2019esclave comme motif pr\u00e9\u00e9minent de l\u2019attaque de Hu\u00e9da par les troupes d\u2019Agadja, est une lecture somme toute assez exp\u00e9ditive.<br>La r\u00e9alit\u00e9 de relations conflictuelles internes \u00e0 la fois \u00e0 Allada et \u00e0 la cit\u00e9 nouvellement prise, entit\u00e9s politiquement proches mais faisant montre de diff\u00e9rences quant au type d\u2019administration pr\u00e9valant<sup><a href=\"#footnote_62_3966\" id=\"identifier_65_3966\" class=\"footnote-link footnote-identifier-link\" title=\"The Slave Coast of West Africa, 1550&ndash;1750: The Impact of the Atlantic Slave Trade on an African Society. Oxford: Clarendon Press; Miller, Joseph C. 1982\">63<\/a><\/sup>&nbsp;; les conflits opposant chefs et souverains de celle-ci \u00e0 l\u2019exemple de ceux observ\u00e9s entre l\u2019aplogan (gouverneur provincial) et le roi Huffon&nbsp;; la pr\u00e9sence en exil du fr\u00e8re du roi d\u2019Allada dans ces murs, sont des \u00e9l\u00e9ments contextuels additionnels, permettant d\u2019alimenter une th\u00e8se de motivations opportunistes et politiques significatives.<br><br>De surcro\u00eet, une approche bas\u00e9e sur des argumentaires reposant sur le mythe d\u2019une homog\u00e9n\u00e9it\u00e9 \u00ab noire \u00bb, r\u00e9duit le diagnostic des faits \u00e0 des conclusions impropres et ne peut satisfaire \u00e0 la complexit\u00e9 de contemporan\u00e9it\u00e9s de l&rsquo;\u00e9poque. Elle noie implicitement les r\u00e9alit\u00e9s politiques d&rsquo;antan, explicatives de bellig\u00e9rances aux cons\u00e9quences d\u00e9vastatrices, en \u00e9voquant des populations vendant les leurs.<br>Cette posture relay\u00e9e dans des publications<sup><a href=\"#footnote_63_3966\" id=\"identifier_66_3966\" class=\"footnote-link footnote-identifier-link\" title=\"The Woman King: The truth about slavery matters: &laquo; Africans too sold other Africans into slavery. By hiding that, Black filmmakers are breaking with a heroic legacy. &raquo;\">64<\/a><\/sup> voulant nuancer des r\u00e9cits, cr\u00e9e malgr\u00e9 tout une possibilit\u00e9 d&rsquo;\u00e9quit\u00e9 de responsabilit\u00e9s, dans des structures aux antipodes de cette logique capitalistique productive, ayant pens\u00e9, drain\u00e9 et maintenu des masses humaines au-del\u00e0 de l\u2019Atlantique.<br>Nous sommes en face d\u2019un syst\u00e8me qui a fonctionn\u00e9 et a exist\u00e9 par une demande exog\u00e8ne, redirigeant massivement des captifs vers des chemins minutieusement construits. Benjamin-Sig. Frossard, mit un point d\u2019honneur \u00e0 le rappeler \u00e0 la Convention (Assembl\u00e9e fran\u00e7aise), en 1792<sup><a href=\"#footnote_64_3966\" id=\"identifier_67_3966\" class=\"footnote-link footnote-identifier-link\" title=\"Benjamin Sigismond Frossard &agrave; la Convention Nationale Sur L&#039;abolition de la Traite Des N&egrave;gres Paris, Le 12 D&eacute;cembre 1792 &hellip;.&nbsp;France:&nbsp;n.p.,&nbsp;1792.\">65<\/a><\/sup>.<br><br>En prolongeant le regard sur des dynamiques \u00e9conomiques, la probl\u00e9matique du choix de produits agricoles d\u2019exportation, comparativement aux Am\u00e9riques, se posera d&rsquo;ailleurs diff\u00e9remment de l\u2019autre c\u00f4t\u00e9 de l\u2019Atlantique.<br>L\u2019exploitation de l\u2019\u00c9la\u00efs de Guin\u00e9e, la production d\u2019amandes et d&rsquo;huile de palme dans la soci\u00e9t\u00e9 danx\u00f4m\u00e8nou et dans celles environnantes, ne put ignorer les circonstances favorables de l\u2019abondance naturelle de la ressource.<br>La baisse progressive de l&rsquo;essentiel de la demande effective de main-d\u2019\u0153uvre servile, dans des \u00e9conomies \u00e0 l\u2019origine de celle-ci, s\u2019est faite \u00e0 l\u2019issue d\u2019un processus ayant vu na\u00eetre des substituants au potentiel r\u00e9mun\u00e9rateur non n\u00e9gligeable, moralement plus acceptables qu\u2019un commerce devenu bien tardivement g\u00eanant pour des opinions publiques dans leur ensemble, mais aussi dans un contexte de floraison de l\u2019industrie europ\u00e9enne de la savonnerie.<br>La densit\u00e9 de cette esp\u00e8ce de palmiers<sup><a href=\"#footnote_65_3966\" id=\"identifier_68_3966\" class=\"footnote-link footnote-identifier-link\" title=\"Bulletin of the Bureau of Agricultural Intelligence and of Plant-Diseases.&nbsp;Italie:&nbsp;n.p.,&nbsp;1920.\">66<\/a><\/sup>, principalement sauvages dans la r\u00e9gion, coupl\u00e9e \u00e0 la production annuelle estim\u00e9e par arbre et par an au cours du XIXe si\u00e8cle, rendra par ailleurs difficile la nette diff\u00e9renciation des sources de provenance de la production locale.<br>Les concentrations de zones exploitables aux alentours de places fortes comme Agb\u00f4m\u00ea, non totalement \u00e9trang\u00e8res \u00e0 la politique royale d\u2019incitation, pourraient avoir davantage trouv\u00e9 leur utilit\u00e9 dans des volont\u00e9s d\u2019organiser une industrie naissante et dans celle d\u2019un contr\u00f4le plus ais\u00e9 par les pouvoirs directement b\u00e9n\u00e9ficiaires, que dans la disponibilit\u00e9 de la mati\u00e8re premi\u00e8re \u00e0 transformer.<br>La caract\u00e9risation du terme plantation dans un tel environnement g\u00e9n\u00e9ral, et du point de vue de regards ext\u00e9rieurs, s\u2019av\u00e8re en cons\u00e9quence \u00eatre peu pr\u00e9cise.<br><br>La production d\u2019huile de palme issue des ports c\u00f4tiers \u00e0 l\u2019instar de celui de Hu\u00e9da, cit\u00e9 incorpor\u00e9e au Danx\u00f4m\u00e8 sous le r\u00e8gne d\u2019Agadja, s\u2019\u00e9tablissait \u00e0 moins de 500 tonnes en 1840, puis au plus fort de la production, \u00e0 environ 10 000 tonnes entre 1875 et 1880<sup><a href=\"#footnote_48_3966\" id=\"identifier_69_3966\" class=\"footnote-link footnote-identifier-link\" title=\"Manning,&nbsp;Patrick.&nbsp;Slavery, Colonialism and Economic Growth in Dahomey, 1640-1960.&nbsp;Royaume-Uni:&nbsp;Cambridge University Press,&nbsp;2004.\">49<\/a><\/sup>.<br>Celle-ci, d\u00e9pendait aussi bien de parcelles sauvages, de terres villageoises mises en valeur par des m\u00e9nages, que de surfaces royales cons\u00e9quentes, ou appartenant \u00e0 une aristocratie locale, cultiv\u00e9es \u00e0 proximit\u00e9 des zones d\u2019exportation et \u00e0 l\u2019int\u00e9rieur des terres, mettant souvent \u00e0 contribution des populations de captifs, et dont la maturation prendra du temps<sup><a href=\"#footnote_66_3966\" id=\"identifier_70_3966\" class=\"footnote-link footnote-identifier-link\" title=\"Lynn,&nbsp;Martin.&nbsp;Commerce and Economic Change in West Africa: The Palm Oil Trade in the Nineteenth Century.&nbsp;Royaume-Uni:&nbsp;Cambridge University Press,&nbsp;2002.\">67<\/a><\/sup>. Les d\u00e9positaires de l\u2019\u00e9conomie de traite dans le Danx\u00f4m\u00e8, ont de toute \u00e9vidence gravit\u00e9 pour une part substantielle d\u2019entre eux, autour de la figure de l\u2019ax\u00f2su. \u00c0 ceux-ci, s\u2019ajouteront d\u2019habiles marchands, familles ayant pignon sur rue, et par extension, des trafiquants \u00e0 la recherche de profits.<br>Ces acteurs locaux, cr\u00e9\u00e8rent un environnement \u00e9conomique se d\u00e9marquant sous plusieurs aspects, de celui qui fut observ\u00e9 en Am\u00e9riques et dans les Cara\u00efbes.<br>La pr\u00e9sence sur ces terres lointaines, de seigneurs poss\u00e9dant des esclaves, les louant \u00e0 des entrepreneurs, de pr\u00eateurs permettant la constitution de cargaisons et le d\u00e9veloppement de plantations, aux c\u00f4t\u00e9s de simples sujets s\u2019\u00e9tant expatri\u00e9s vers le Nouveau Monde pour y trouver meilleure fortune, a particip\u00e9 \u00e0 cr\u00e9er une m\u00e9canique particuli\u00e8rement rod\u00e9e.<br>La sup\u00e9riorit\u00e9 du potentiel inclusif, de l\u2019\u00e9conomie agricole d\u2019exportation li\u00e9e \u00e0 la culture de l\u2019\u00c9la\u00efs de Guin\u00e9e sur le littoral Ouest-Africain<sup><a href=\"#footnote_66_3966\" id=\"identifier_71_3966\" class=\"footnote-link footnote-identifier-link\" title=\"Lynn,&nbsp;Martin.&nbsp;Commerce and Economic Change in West Africa: The Palm Oil Trade in the Nineteenth Century.&nbsp;Royaume-Uni:&nbsp;Cambridge University Press,&nbsp;2002.\">67<\/a><\/sup>, sera d\u2019ailleurs corr\u00e9l\u00e9e \u00e0 la diversit\u00e9 des acteurs pouvant p\u00e9n\u00e9trer les march\u00e9s existants.<br><br>Si l\u2019on peut en outre relever chez des auteurs, une explication donn\u00e9e \u00e0 des conqu\u00eates danx\u00f4m\u00e8nou s&rsquo;articulant autour d&rsquo;une perversion rendue possible par l\u2019existence m\u00eame de la traite, en tout \u00e9tat de cause, au-del\u00e0 de postures pouvant infantiliser, elles ne furent fondamentalement pas pens\u00e9es pour alimenter des march\u00e9s transatlantiques et autres.<br>La guerre, qui peut \u00eatre le fait de l\u2019autorit\u00e9 qui mobilise les arm\u00e9es, qu\u2019elle soit individuelle ou plus collective, lui permet de subjuguer des populations et de prendre part \u00e0 la d\u00e9cision de l\u2019affectation du butin. Chez des populations bh\u00e9t\u00e9 et kweni de l\u2019actuelle C\u00f4te d\u2019Ivoire, ce fut souvent par concertation intra-lignag\u00e8re, que revenait la d\u00e9cision du sort \u00e0 donner aux captifs.<br>Ailleurs, la primaut\u00e9 des gains tir\u00e9s de transactions les concernant, dans plusieurs sch\u00e9mas, pouvait \u00eatre d\u00e9volue \u00e0 la sph\u00e8re royale, comme chez les danx\u00f4m\u00e8nou. Celle-ci restant connect\u00e9e aux cabeceros<sup><a href=\"#footnote_67_3966\" id=\"identifier_72_3966\" class=\"footnote-link footnote-identifier-link\" title=\"Chefs locaux, larges propri&eacute;taires terriens pouvant lever des arm&eacute;es pour des campagnes militaires royales. La propri&eacute;t&eacute; &eacute;tant n&eacute;anmoins en quelque sorte de fa&ccedil;on primordiale, dans la sp&eacute;cificit&eacute; de sa declinaison danx&ocirc;m&egrave;nou, d&eacute;volue &agrave; l&#039;ax&ograve;su.\">68<\/a><\/sup>, qui doivent \u00e0 leur r\u00f4le politique et \u00e0 leur positionnement \u00e0 l\u2019\u00e9gard de la propri\u00e9t\u00e9 de la terre, des c\u00f4tes jusqu\u2019\u00e0 l\u2019hinterland, une \u00e9l\u00e9vation \u00e0 un statut privil\u00e9gi\u00e9. <br>Tout comme l\u2019apparition tardive de march\u00e9s, de commerces structur\u00e9s, a repos\u00e9 sur des mutations sociales endog\u00e8nes les rendant possibles, aspect \u00e9galement relev\u00e9 par H. Memel-Fot\u00ea<sup><a href=\"#footnote_68_3966\" id=\"identifier_73_3966\" class=\"footnote-link footnote-identifier-link\" title=\"Memel-Fot&ecirc;,&nbsp;Harris.,&nbsp;Brunet-Jailly,&nbsp;J..&nbsp;L&#039;esclavage dans les soci&eacute;t&eacute;s lignag&egrave;res de la for&ecirc;t ivoirienne, XVIIe-XXe si&egrave;cle.&nbsp;C&ocirc;te d&#039;Ivoire:&nbsp;CERAP,&nbsp;2007.\">69<\/a><\/sup>, le regard danx\u00f4m\u00e8nou sur les issues possibles de la mise en captivit\u00e9, prit un tournant avec les d\u00e9bouch\u00e9s p\u00e9rennes propos\u00e9s aux poss\u00e9dants d\u2019individus pouvant \u00eatre marchand\u00e9s, y compris par des voies non approuv\u00e9es par les lois locales, d\u00e9t\u00e9riorant des m\u00e9canismes existant d\u2019int\u00e9gration, qu&rsquo;il serait inappropri\u00e9 de consid\u00e9rer comme altruistes.<br><br>La baie du B\u00e9nin, coutumi\u00e8re d\u2019instabilit\u00e9s d\u00e9j\u00e0 au XVIIe si\u00e8cle, cons\u00e9cutives au d\u00e9ferlement akwamu sur Accra, fut t\u00e9moin d\u2019alliances soumises aux dissensions opposant entre autres Allada \u00e0 Offra, et Hu\u00e9da aux chefferies de Grand Popo et Petit Popo<sup><a href=\"#footnote_69_3966\" id=\"identifier_74_3966\" class=\"footnote-link footnote-identifier-link\" title=\"Strickrodt,&nbsp;Silke.&nbsp;Afro-European Trade in the Atlantic World: The Western Slave Coast, C. 1550- C. 1885.&nbsp;Royaume-Uni:&nbsp;James Currey,&nbsp;2015.\">70<\/a><\/sup>, des territoires plus \u00e0 l\u2019Est, et qui \u00e0 proprement parler, n\u2019ont jamais \u00e9t\u00e9 conquis et incorpor\u00e9s au Danx\u00f4m\u00e8.<br>Ce littoral, constituera ainsi un r\u00e9servoir de captifs de guerre potentiels, se vidant de populations enti\u00e8res cherchant refuge plus au Nord, notamment \u00e0 proximit\u00e9 de zones d\u2019influence du pouvoir d\u2019Agb\u00f4m\u00ea. La prise de Hu\u00e9da, environ un si\u00e8cle apr\u00e8s la fondation du royaume, l\u2019incorporera donc de fait, dans une position avanc\u00e9e d\u2019un autre genre.<br><br>Cependant, contrairement \u00e0 une croyance propag\u00e9e, l\u2019importance de ce commerce pour le Danx\u00f4m\u00e8, reste toutefois mesur\u00e9e. Le territoire ne se limitant pas aux bastions royaux, et aux capacit\u00e9s accumulatrices des marchands qui y sont install\u00e9s, ce qu\u2019\u00e9voquera Patrick Manning, et dans la mesure o\u00f9 la traite se greffe \u00e0 une m\u00e9canique agricole et d&rsquo;\u00e9change existante et structur\u00e9e.<br><br>Les r\u00f4les assign\u00e9s, la logique fondamentale l\u00e9gitimant la captivit\u00e9, la proportion int\u00e9rieure d\u2019esclaves, que Boniface Obichere estime relativement constante avec environ 20% de la population totale, et que Robin Law situe entre 25% et 30%<sup><a href=\"#footnote_70_3966\" id=\"identifier_75_3966\" class=\"footnote-link footnote-identifier-link\" title=\"Law,&nbsp;Robin.&nbsp;Ouidah: The Social History of a West African Slaving Port, 1727&ndash;1892.&nbsp;Gr&egrave;ce:&nbsp;Ohio University Press,&nbsp;2005.\">71<\/a><\/sup>, ne suffiraient de m\u00eame \u00e0 caract\u00e9riser la soci\u00e9t\u00e9 et l\u2019\u00e9conomie du Danxom\u00e8 comme esclavagistes.<br>Le bilan d\u00e9mographique de la cit\u00e9 d\u2019Agb\u00f4m\u00ea, affichait une population estim\u00e9e \u00e0 10 000 habitants vers 1885, et 40 000 vers 1890<sup><a href=\"#footnote_71_3966\" id=\"identifier_76_3966\" class=\"footnote-link footnote-identifier-link\" title=\"Almeida-Topor,&nbsp;H&eacute;l&egrave;ne d&#039;..&nbsp;Histoire &eacute;conomique du Dahomey (B&eacute;nin), 1890-1920.&nbsp;France:&nbsp;L&#039;Harmattan,&nbsp;1995.\">72<\/a><\/sup>. Compar\u00e9e \u00e0 celle de l\u2019ensemble du territoire contr\u00f4l\u00e9, elle donne mati\u00e8re \u00e0 r\u00e9flexion sur la r\u00e9partition des esclaves en dehors des centres de pouvoirs, leur contribution productive nourrici\u00e8re, dans une soci\u00e9t\u00e9 ayant un lien s\u00e9culaire avec la culture individuelle de la terre.<br><br>La Traite n\u2019\u00e9tait pas ressource obsessionnelle pour le pouvoir d\u2019Agb\u00f4m\u00ea<sup><a href=\"#footnote_72_3966\" id=\"identifier_77_3966\" class=\"footnote-link footnote-identifier-link\" title=\"Voir aussi par exemple Coquery-Vidrovitch Catherine. A. Akinjogbin, Dahomey and its neighbours, 1708-1818. ; W. J. Argyle, The Fon of Dahomey. A History and ethnography of the Old Kingdom.. In: Annales. &Eacute;conomies, Soci&eacute;t&eacute;s, Civilisations. 24\u1d49 ann&eacute;e, N. 3, 1969. pp. 653-655\">73<\/a><\/sup>. La guerre \u00e9l\u00e9ment ins\u00e9parable de l\u2019\u00e9volution du Danx\u00f4m\u00e8, reposa sur des desiderata d\u2019une philosophie expansionniste probl\u00e9matique, consid\u00e9r\u00e9e comme vitale pour la p\u00e9rennit\u00e9 du pouvoir.<br>Malgr\u00e9 l\u2019importance d\u2019une \u00e9conomie de guerre, observ\u00e9e \u00e0 des p\u00e9riodes, et visant \u00e0 collecter des captifs, il restera difficile \u00e0 l\u2019\u00e9chelle du royaume, sans moyens particuli\u00e8rement inclusifs, de diffuser les gains en nature et en monnaies de circonstances obtenus en \u00e9change.<br>Les difficult\u00e9s \u00e0 maintenir des communaut\u00e9s en nombre suffisamment critique, afin de faire face \u00e0 des enjeux d\u00e9mographiques, et l\u2019\u00e9videment de la population dans une r\u00e9gion impr\u00e9gn\u00e9e de conflits, ont pu \u00eatre des \u00e9l\u00e9ments orientant la soci\u00e9t\u00e9 vers un cloisonnement relativement poreux de strates sociales, r\u00e9duisant les possibilit\u00e9s d\u2019apparition durable de classes herm\u00e9tiques compos\u00e9es de personnes \u00e0 la condition intrins\u00e8quement servile, avec ce que cela implique comme acc\u00e8s \u00e0 la constitution de patrimoine, cadres d\u2019expressions, et interactions assign\u00e9es.<br><br>L\u2019on est \u00e0 face \u00e0 un paradigme sp\u00e9cifique fait de violence flagrante et inou\u00efe, comme le rappelle l&rsquo;ancienne pratique de Huetanou, et le martyr inflig\u00e9 par des ma\u00eetres \u00e0 leurs esclaves.<br>Elle est celle de la privation de d\u00e9cision sur son sort, de l\u2019inf\u00e2me d\u00e9portation de masse, particuli\u00e8rement observ\u00e9e avec les kannoumon<sup><a href=\"#footnote_73_3966\" id=\"identifier_78_3966\" class=\"footnote-link footnote-identifier-link\" title=\"Traduisible par &laquo; Qui est dans les cordes &raquo;. Mentionn&eacute; &eacute;galement par Qu&eacute;num,&nbsp;Maximilien.&nbsp;Au pays des Fons: Us et coutumes du Dahomey.&nbsp;France:&nbsp;FeniXX r&eacute;&eacute;dition num&eacute;rique,&nbsp;1999.\">74<\/a><\/sup>, dans laquelle la captivit\u00e9 est pour un grand nombre de vaincus, la douloureuse condition d\u2019un moment, passage parfois vers une incorporation et une int\u00e9gration contraintes dans une soci\u00e9t\u00e9 dominatrice, selon des besoins endog\u00e8nes, accol\u00e9s \u00e0 une p\u00e9rennisation du pouvoir.<br>Sortir de sa condition n\u2019\u00e9tait de ce fait pas chose rare ou exceptionnelle, et quantit\u00e9 de t\u00e2ches d\u00e9volues aux victimes de rapts et de l\u2019expansion territoriale, furent partag\u00e9es par des individus fon, consid\u00e9r\u00e9s comme libres.<br>La r\u00e9ification du captif, pourrait l\u00e9gitimement \u00eatre consid\u00e9r\u00e9e de fait par l\u2019acte de vente et l\u2019\u00e9change contre marchandise. N\u00e9anmoins, dans un univers soci\u00e9tal dans lequel \u00eatre vendu ne rel\u00e8ve point d\u2019une condition sp\u00e9cifique, sinon que de celle d\u00e9coulant du sort de la guerre ou de la d\u00e9cision du dominant du moment, la question prise sous l\u2019angle de la n\u00e9gation d\u2019une nature humaine partag\u00e9e, se pose.<br><br>C\u2019est \u00e0 la compr\u00e9hension, de la contribution de diff\u00e9rents acteurs \u00e0 une m\u00eame trag\u00e9die dans laquelle les Ag\u00f4d\u00f4djich\u00e9 ont jou\u00e9 un r\u00f4le et non des moindres, qu&rsquo;il est souhaitable d&rsquo;apporter des \u00e9l\u00e9ments pouvant \u00eatre utiles.<br>Une approche similaire, nous conduirait \u00e9galement \u00e0 sortir de la rh\u00e9torique d\u2019un abolitionnisme port\u00e9 par une morale autonome, en mettant en \u00e9vidence le caract\u00e8re contraignant des explosions de d\u00e9fiance et de dignit\u00e9, dont ont fait preuve ces d\u00e9port\u00e9s refusant le joug, et ces relais certes infiniment minoritaires mais d\u00e9cisifs, au sein m\u00eame des appareils oppressifs m\u00e9tropolitains et coloniaux.<br>L\u2019int\u00e9r\u00eat de ce regard r\u00e9trospectif, r\u00e9siderait davantage dans l\u2019utilit\u00e9 de la prise en compte de la chronologie de d\u00e9veloppements, afin que des contributions qui ne sont fonci\u00e8rement pas les m\u00eames, soient davantage rendues visibles.<\/p>\n\n\n\n<h2 class=\"wp-block-heading has-black-color has-text-color has-yrsa-font-family has-custom-font\" style=\"font-size:25px;font-family:Yrsa\"><br><strong>Fictions et repr\u00e9sentations<\/strong><\/h2>\n\n\n\n<p class=\"has-black-color has-text-color has-yrsa-font-family has-custom-font wp-block-paragraph\" style=\"font-size:18px;font-family:Yrsa\">Les regards sur le pass\u00e9, la volont\u00e9 d\u2019y puiser des \u00e9l\u00e9ments participant \u00e0 la construction des identit\u00e9s; la mise en \u00e9vidence de dimensions aidant selon les besoins, \u00e0 la compr\u00e9hension du pr\u00e9sent au travers de l\u2019Histoire, sont des d\u00e9marches qui se mat\u00e9rialisent avec des intensit\u00e9s diff\u00e9rentes selon les moments et les soci\u00e9t\u00e9s.<br><br>Si la plupart des figures \u00e9mergeant par ces regards r\u00e9trospectifs, au c\u0153ur d\u2019attentions et de devoirs m\u00e9moriels, se sont manifest\u00e9es dans un relatif retrait de la participation du f\u00e9minin \u00e0 la dignit\u00e9 des h\u00e9ritages constitu\u00e9s, en revanche la volont\u00e9 de souligner sa claire contribution, ne cesse d\u2019asseoir la l\u00e9gitimit\u00e9 d&rsquo;apports non n\u00e9gligeables, tout en portant des fruits n\u00e9cessaires \u00e0 l\u2019\u00e9volution positive des soci\u00e9t\u00e9s concern\u00e9es.<\/p>\n\n\n<div class=\"wp-block-image\">\n<figure class=\"aligncenter size-full is-resized\"><img data-recalc-dims=\"1\" loading=\"lazy\" decoding=\"async\" data-attachment-id=\"3030\" data-permalink=\"https:\/\/enyema.com\/?attachment_id=3030\" data-orig-file=\"https:\/\/i0.wp.com\/enyema.com\/wp-content\/uploads\/2022\/11\/Sabre_dentele_Fon_1-removebg-edited-776214669-1667574246531.png?fit=1351%2C557&amp;ssl=1\" data-orig-size=\"1351,557\" data-comments-opened=\"1\" data-image-meta=\"{&quot;aperture&quot;:&quot;0&quot;,&quot;credit&quot;:&quot;&quot;,&quot;camera&quot;:&quot;&quot;,&quot;caption&quot;:&quot;&quot;,&quot;created_timestamp&quot;:&quot;0&quot;,&quot;copyright&quot;:&quot;&quot;,&quot;focal_length&quot;:&quot;0&quot;,&quot;iso&quot;:&quot;0&quot;,&quot;shutter_speed&quot;:&quot;0&quot;,&quot;title&quot;:&quot;&quot;,&quot;orientation&quot;:&quot;0&quot;}\" data-image-title=\"Sabre_dentele_Fon_1-removebg\" data-image-description=\"\" data-image-caption=\"\" data-large-file=\"https:\/\/i0.wp.com\/enyema.com\/wp-content\/uploads\/2022\/11\/Sabre_dentele_Fon_1-removebg-edited-776214669-1667574246531.png?fit=1024%2C422&amp;ssl=1\" src=\"https:\/\/i0.wp.com\/enyema.com\/wp-content\/uploads\/2022\/11\/Sabre_dentele_Fon_1-removebg-edited-776214669-1667574246531.png?resize=338%2C139&#038;ssl=1\" alt=\"\" class=\"wp-image-3030\" width=\"338\" height=\"139\" srcset=\"https:\/\/i0.wp.com\/enyema.com\/wp-content\/uploads\/2022\/11\/Sabre_dentele_Fon_1-removebg-edited-776214669-1667574246531.png?w=1351&amp;ssl=1 1351w, https:\/\/i0.wp.com\/enyema.com\/wp-content\/uploads\/2022\/11\/Sabre_dentele_Fon_1-removebg-edited-776214669-1667574246531.png?resize=300%2C124&amp;ssl=1 300w, https:\/\/i0.wp.com\/enyema.com\/wp-content\/uploads\/2022\/11\/Sabre_dentele_Fon_1-removebg-edited-776214669-1667574246531.png?resize=1024%2C422&amp;ssl=1 1024w, https:\/\/i0.wp.com\/enyema.com\/wp-content\/uploads\/2022\/11\/Sabre_dentele_Fon_1-removebg-edited-776214669-1667574246531.png?resize=768%2C317&amp;ssl=1 768w, https:\/\/i0.wp.com\/enyema.com\/wp-content\/uploads\/2022\/11\/Sabre_dentele_Fon_1-removebg-edited-776214669-1667574246531.png?resize=1200%2C495&amp;ssl=1 1200w\" sizes=\"auto, (max-width: 338px) 100vw, 338px\" \/><figcaption class=\"wp-element-caption\"><mark style=\"background-color:rgba(0, 0, 0, 0);color:#035686\" class=\"has-inline-color\">Long couteau en fer \u00e0 lame cr\u00e9nel\u00e9e,\u00a0Innovation que l&rsquo;on lie en partie au roi Agonglo (descendant de Kpengla),\u00a0Arme de Migan,\u00a0Dat\u00e9 d&rsquo;entre 1789 et 1797<br>Appel\u00e9 \u00ab Xaso xaso d kpwe esu ma no edo akum ma no \u00bb, Traduisible par \u00ab Mauvais si l&rsquo;on d\u00e9gaine, mauvais m\u00eame au fourreau. \u00bb<sup><a href=\"#footnote_8_3966\" id=\"identifier_79_3966\" class=\"footnote-link footnote-identifier-link\" title=\"Collection mus&eacute;ale, Mus&eacute;e du Quai Branly, Paris.\">9<\/a><\/sup><\/mark><\/figcaption><\/figure>\n<\/div>\n\n\n<p class=\"has-black-color has-text-color has-yrsa-font-family has-custom-font wp-block-paragraph\" style=\"font-size:18px;font-family:Yrsa\">La n\u00e9cessit\u00e9 de r\u00e9habiliter des figures f\u00e9minines; d\u2019installer le f\u00e9minin dans une humanit\u00e9 pleine, enti\u00e8re et partag\u00e9e; navigue sans cesse entre l\u2019id\u00e9e enthousiaste de mobiliser argumentaires et imaginaires, face \u00e0 des dominations pluridimensionnelles subies collectivement, et le d\u00e9dain mat\u00e9rialis\u00e9 par la minoration de l\u2019importance de la d\u00e9marche. Cela d\u00e9coulant d&rsquo;un r\u00e9flexe de d\u00e9fense, li\u00e9 \u00e0 la perception d&rsquo;une menace pour des privil\u00e8ges et ordres in\u00e9quitables.<br><br>Partant de l\u00e0, que nous soyons expos\u00e9s \u00e0 des productions visuelles investissant le champ de l\u2019Histoire, tentant de retracer des parcours d\u2019illustres personnages comme <a rel=\"noreferrer noopener\" href=\"https:\/\/www.imdb.com\/title\/tt3463004\/\" target=\"_blank\">Njinga Rainha de Angola<\/a>, ou devant des restitutions plus ou moins fid\u00e8les de r\u00e9alit\u00e9s collectives, comme <a rel=\"noreferrer noopener\" href=\"https:\/\/www.sonypictures.fr\/film\/woman-king\" target=\"_blank\">The Woman King<\/a>, un risque demeure, celui d\u2019effets pr\u00e9visibles \u00e9manant de caract\u00e9ristiques du public.<br><br>C&rsquo;est un aspect qui se veut difficilement ma\u00eetrisable, tant il est bien plus li\u00e9 \u00e0 la propension de conf\u00e9rer \u00e0 toute production, une vertu allant souvent au-del\u00e0 de ses propres pr\u00e9tentions initiales. Ce qui simplifie de fa\u00e7on dommageable des perceptions, ind\u00e9pendamment de la volont\u00e9 de coller \u00e0 la r\u00e9alit\u00e9 de faits. <br>La fronti\u00e8re entre apports b\u00e9n\u00e9fiques du travail m\u00e9moriel, et interpr\u00e9tations inconvenantes &#8211; par volont\u00e9 d\u2019alimenter divers agendas, &#8211; est donc t\u00e9nue.<\/p>\n\n\n<div class=\"wp-block-image\">\n<figure class=\"aligncenter size-large is-resized\"><img data-recalc-dims=\"1\" loading=\"lazy\" decoding=\"async\" data-attachment-id=\"3525\" data-permalink=\"https:\/\/enyema.com\/?attachment_id=3525\" data-orig-file=\"https:\/\/i0.wp.com\/enyema.com\/wp-content\/uploads\/2022\/11\/Female_officers_amazons_in_Dahomey-edited.jpg?fit=1416%2C1011&amp;ssl=1\" data-orig-size=\"1416,1011\" data-comments-opened=\"1\" data-image-meta=\"{&quot;aperture&quot;:&quot;0&quot;,&quot;credit&quot;:&quot;&quot;,&quot;camera&quot;:&quot;&quot;,&quot;caption&quot;:&quot;&quot;,&quot;created_timestamp&quot;:&quot;0&quot;,&quot;copyright&quot;:&quot;&quot;,&quot;focal_length&quot;:&quot;0&quot;,&quot;iso&quot;:&quot;0&quot;,&quot;shutter_speed&quot;:&quot;0&quot;,&quot;title&quot;:&quot;&quot;,&quot;orientation&quot;:&quot;0&quot;}\" data-image-title=\"Female_officers_amazons_in_Dahomey\" data-image-description=\"\" data-image-caption=\"\" data-large-file=\"https:\/\/i0.wp.com\/enyema.com\/wp-content\/uploads\/2022\/11\/Female_officers_amazons_in_Dahomey-edited.jpg?fit=1024%2C731&amp;ssl=1\" src=\"https:\/\/i0.wp.com\/enyema.com\/wp-content\/uploads\/2022\/11\/Female_officers_amazons_in_Dahomey-edited-1024x731.jpg?resize=338%2C242&#038;ssl=1\" alt=\"\" class=\"wp-image-3525\" width=\"338\" height=\"242\" srcset=\"https:\/\/i0.wp.com\/enyema.com\/wp-content\/uploads\/2022\/11\/Female_officers_amazons_in_Dahomey-edited.jpg?resize=1024%2C731&amp;ssl=1 1024w, https:\/\/i0.wp.com\/enyema.com\/wp-content\/uploads\/2022\/11\/Female_officers_amazons_in_Dahomey-edited.jpg?resize=300%2C214&amp;ssl=1 300w, https:\/\/i0.wp.com\/enyema.com\/wp-content\/uploads\/2022\/11\/Female_officers_amazons_in_Dahomey-edited.jpg?resize=768%2C548&amp;ssl=1 768w, https:\/\/i0.wp.com\/enyema.com\/wp-content\/uploads\/2022\/11\/Female_officers_amazons_in_Dahomey-edited.jpg?resize=1200%2C857&amp;ssl=1 1200w, https:\/\/i0.wp.com\/enyema.com\/wp-content\/uploads\/2022\/11\/Female_officers_amazons_in_Dahomey-edited.jpg?w=1416&amp;ssl=1 1416w\" sizes=\"auto, (max-width: 338px) 100vw, 338px\" \/><figcaption class=\"wp-element-caption\"><mark style=\"background-color:rgba(0, 0, 0, 0);color:#035686\" class=\"has-inline-color\">Photographie prise au Danx\u00f4m\u00e8<sup><a href=\"#footnote_74_3966\" id=\"identifier_80_3966\" class=\"footnote-link footnote-identifier-link\" title=\"Attribu&eacute;e &agrave; un docteur militaire qui accompagnait l&#039;arm&eacute;e coloniale, ca. 1894-Courtesy Getty Research institute, Research Library, 94.R.56.\">75<\/a><\/sup><mark style=\"background-color:rgba(0, 0, 0, 0);color:#035686\" class=\"has-inline-color\">, l&rsquo;on y voit des officiers danx\u00f4m\u00e8nou avec un accessoire particulier. Caract\u00e9ristiques des unit\u00e9s Gbet\u00f4, \u00e0 une certaine p\u00e9riode, ces cornes pouvaient se d\u00e9cliner en plusieurs couleurs en fonction des alliages utilis\u00e9s pour la confection. Elles ont symbolis\u00e9 une philosophie, en lien avec la nature et la chasse. Cette coiffe n&rsquo;est pas sans rappeler, celle de populations Berba, Otammari, etc., que l&rsquo;on peut retrouver aussi dans le Nord du B\u00e9nin actuel.<\/mark><\/figcaption><\/figure>\n<\/div>\n\n\n<p class=\"has-black-color has-text-color has-yrsa-font-family has-custom-font wp-block-paragraph\" style=\"font-size:18px;font-family:Yrsa\">Le d\u00e9sir de se percevoir davantage repr\u00e9sent\u00e9, dans de nouveaux lieux communs &#8211; que rend possible la vulgarisation d\u2019habitudes de consommation, &#8211; peut accentuer la probabilit\u00e9 de flouter les risques aff\u00e9rents \u00e0 toute posture se contentant d\u2019une sous-traitance, de la mise en avant de sa propre Histoire, avec son lot d&rsquo;approximations et de d\u00e9pouillements. <br><br>La situation d&rsquo;\u00e9mulations culturelles actuelles, fait naturellement la part belle \u00e0 la mise en avant de productions exog\u00e8nes &#8211; sachant mobiliser les affects et conqu\u00e9rir les march\u00e9s, &#8211; mais celles-ci ne sauraient couvrir, l\u2019imp\u00e9ratif de prendre \u00e0 bras le corps la responsabilit\u00e9 de la valorisation de ce qui d\u00e9coule des h\u00e9ritages locaux. Ceux dont la mise en avant, des richesses et du caract\u00e8re prolifique de leurs particularismes, rel\u00e8ve d\u2019un travail \u00e0 r\u00e9aliser d&rsquo;abord par les l\u00e9gataires. <br><br>Si cela a pu \u00eatre fait \u00e9galement en son temps par Dani Kouyat\u00e9, avec la l\u00e9gende de Siya Yatab\u00e9r\u00e9<sup><a href=\"#footnote_75_3966\" id=\"identifier_81_3966\" class=\"footnote-link footnote-identifier-link\" title=\"Adaptation &agrave; l&rsquo;&eacute;cran en 2001, d&#039;un mythe Sonink&eacute; dans le creuset du Wagadu, parfois dat&eacute; du VIIe si&egrave;cle. Elle est tir&eacute;e de l&rsquo;&oelig;uvre de l&rsquo;universitaire Moussa Diagana: La l&eacute;gende du&nbsp;Wagadu&nbsp;vue par&nbsp;Sia Yatab&eacute;r&eacute;.\">76<\/a><\/sup>, et plus r\u00e9cemment par Serge Kouacou et Hermann N&rsquo;Guessan, rappelant la hargne de femmes et la r\u00e9volte des Abbey au d\u00e9but du XXe si\u00e8cle<sup><a href=\"#footnote_76_3966\" id=\"identifier_82_3966\" class=\"footnote-link footnote-identifier-link\" title=\"La r&eacute;volte de ce peuple, est relat&eacute;e par Fabio&nbsp;Viti:&nbsp;&laquo; Les quatre morts du colon Rubino (C&ocirc;te d&rsquo;Ivoire, janvier&nbsp;1910) &raquo;,&nbsp;Journal des africanistes,&nbsp;2016.\">77<\/a><\/sup>, il reste \u00e0 l&rsquo;\u00e9vidence, un chemin consid\u00e9rable et laborieux \u00e0 parcourir n\u00e9cessairement.<br><br><br><mark style=\"background-color:rgba(0, 0, 0, 0);color:#9f1d1d\" class=\"has-inline-color\">Par Aidy<\/mark><br><br><\/p>\n\n\n\n<hr class=\"wp-block-separator has-text-color has-vivid-red-color has-alpha-channel-opacity has-vivid-red-background-color has-background\"\/>\n\n\n\n<p class=\"wp-block-paragraph\" style=\"font-size:18px\"><br><\/p>\n\n\n\n<div class=\"wp-block-jetpack-slideshow aligncenter\" data-autoplay=\"true\" data-delay=\"5\" data-effect=\"slide\"><div class=\"wp-block-jetpack-slideshow_container swiper-container\"><ul class=\"wp-block-jetpack-slideshow_swiper-wrapper swiper-wrapper\"><li class=\"wp-block-jetpack-slideshow_slide swiper-slide\"><figure><img data-recalc-dims=\"1\" loading=\"lazy\" decoding=\"async\" width=\"800\" height=\"600\" alt=\"Noudid\u00e8 (D\u00e9signant ce bas-reliefs en fongb\u00e9), qui illustrent des sc\u00e8nes \u00e0 la gloire des souverains et des combattant(e)s du Danx\u00f4m\u00e8. Pigments r\u00e9alis\u00e9s d'antan \u00e0 partir d'\u00e9l\u00e9ments naturels. Retra\u00e7ant visuellement des moments pr\u00e9cis de l'Histoire du royaume, certains ont \u00e9t\u00e9 r\u00e9alis\u00e9s par les Hountond ji, famille d'artisans royaux. Source Image: The Abomey Plateau Archaeological Project\" class=\"wp-block-jetpack-slideshow_image wp-image-3526\" data-id=\"3526\" src=\"https:\/\/i0.wp.com\/enyema.com\/wp-content\/uploads\/2022\/11\/Bas-relief-dAgbome-mettant-en-scene-une-Agododjiche.jpg?resize=800%2C600&#038;ssl=1\" srcset=\"https:\/\/i0.wp.com\/enyema.com\/wp-content\/uploads\/2022\/11\/Bas-relief-dAgbome-mettant-en-scene-une-Agododjiche.jpg?w=800&amp;ssl=1 800w, https:\/\/i0.wp.com\/enyema.com\/wp-content\/uploads\/2022\/11\/Bas-relief-dAgbome-mettant-en-scene-une-Agododjiche.jpg?resize=300%2C225&amp;ssl=1 300w, https:\/\/i0.wp.com\/enyema.com\/wp-content\/uploads\/2022\/11\/Bas-relief-dAgbome-mettant-en-scene-une-Agododjiche.jpg?resize=768%2C576&amp;ssl=1 768w, https:\/\/i0.wp.com\/enyema.com\/wp-content\/uploads\/2022\/11\/Bas-relief-dAgbome-mettant-en-scene-une-Agododjiche.jpg?resize=400%2C300&amp;ssl=1 400w, https:\/\/i0.wp.com\/enyema.com\/wp-content\/uploads\/2022\/11\/Bas-relief-dAgbome-mettant-en-scene-une-Agododjiche.jpg?resize=200%2C150&amp;ssl=1 200w\" sizes=\"(max-width: 800px) 100vw, 800px\" \/><figcaption class=\"wp-block-jetpack-slideshow_caption gallery-caption\">Noudid\u00e8 (D\u00e9signant ces bas-reliefs en fongb\u00e9), qui illustrent des sc\u00e8nes \u00e0 la gloire des souverains et des combattant(e)s du Danx\u00f4m\u00e8. Pigments r\u00e9alis\u00e9s d&rsquo;antan \u00e0 partir d&rsquo;\u00e9l\u00e9ments naturels. Retra\u00e7ant visuellement des moments pr\u00e9cis de l&rsquo;Histoire du royaume, certains ont \u00e9t\u00e9 r\u00e9alis\u00e9s par les Hountond ji, famille d&rsquo;artisans royaux.<\/figcaption><\/figure><\/li><li class=\"wp-block-jetpack-slideshow_slide swiper-slide\"><figure><img data-recalc-dims=\"1\" loading=\"lazy\" decoding=\"async\" width=\"946\" height=\"531\" alt=\"Carte du Danx\u00f4m\u00e8 et des pays voisins XIXe si\u00e8cle. Source Image :La f\u00eate des coutumes au Dahomey: historique et essai d'interpr\u00e9tation. In: Annales. Economies, soci\u00e9t\u00e9s, civilisations. 19\u1d49 ann\u00e9e, N. 4, 1964\" class=\"wp-block-jetpack-slideshow_image wp-image-3527\" data-id=\"3527\" src=\"https:\/\/i0.wp.com\/enyema.com\/wp-content\/uploads\/2022\/11\/Carte-du-Danxome-et-des-pays-voisins-XIXe-siecle.jpg?resize=946%2C531&#038;ssl=1\" srcset=\"https:\/\/i0.wp.com\/enyema.com\/wp-content\/uploads\/2022\/11\/Carte-du-Danxome-et-des-pays-voisins-XIXe-siecle.jpg?w=946&amp;ssl=1 946w, https:\/\/i0.wp.com\/enyema.com\/wp-content\/uploads\/2022\/11\/Carte-du-Danxome-et-des-pays-voisins-XIXe-siecle.jpg?resize=300%2C168&amp;ssl=1 300w, https:\/\/i0.wp.com\/enyema.com\/wp-content\/uploads\/2022\/11\/Carte-du-Danxome-et-des-pays-voisins-XIXe-siecle.jpg?resize=768%2C431&amp;ssl=1 768w\" sizes=\"(max-width: 946px) 100vw, 946px\" \/><figcaption class=\"wp-block-jetpack-slideshow_caption gallery-caption\">Carte du Danx\u00f4m\u00e8 et des pays voisins XIXe si\u00e8cle<\/figcaption><\/figure><\/li><li class=\"wp-block-jetpack-slideshow_slide swiper-slide\"><figure><img data-recalc-dims=\"1\" loading=\"lazy\" decoding=\"async\" width=\"525\" height=\"700\" alt=\"Bedo ou Doto, cave creus\u00e9e entre le XVIIe si\u00e8cle et le XVIIIe si\u00e8cle, \u00e0 Kana (Ville consid\u00e9r\u00e9e comme sainte) pr\u00e8s d'Agb\u00f4m\u00ea. Situ\u00e9s non loin de b\u00e2tisses royales, ses souterrains ont pu \u00eatre des lieux de stockage de denr\u00e9es, utilis\u00e9s \u00e9galement en temps de guerre pour mener des attaques surprises. Source Image: http:\/\/agongointo.worldarchaeology.org\" class=\"wp-block-jetpack-slideshow_image wp-image-3528\" data-id=\"3528\" src=\"https:\/\/i0.wp.com\/enyema.com\/wp-content\/uploads\/2022\/11\/Cave-a-Kana.jpg?resize=525%2C700&#038;ssl=1\" srcset=\"https:\/\/i0.wp.com\/enyema.com\/wp-content\/uploads\/2022\/11\/Cave-a-Kana.jpg?w=525&amp;ssl=1 525w, https:\/\/i0.wp.com\/enyema.com\/wp-content\/uploads\/2022\/11\/Cave-a-Kana.jpg?resize=225%2C300&amp;ssl=1 225w, https:\/\/i0.wp.com\/enyema.com\/wp-content\/uploads\/2022\/11\/Cave-a-Kana.jpg?resize=300%2C400&amp;ssl=1 300w, https:\/\/i0.wp.com\/enyema.com\/wp-content\/uploads\/2022\/11\/Cave-a-Kana.jpg?resize=150%2C200&amp;ssl=1 150w\" sizes=\"(max-width: 525px) 100vw, 525px\" \/><figcaption class=\"wp-block-jetpack-slideshow_caption gallery-caption\">Bedo ou Doto, cave creus\u00e9e entre le XVIIe si\u00e8cle et le XVIIIe si\u00e8cle, \u00e0 Kana (Ville consid\u00e9r\u00e9e comme sainte) pr\u00e8s d&rsquo;Agb\u00f4m\u00ea.\nSitu\u00e9s non loin de b\u00e2tisses royales, ses souterrains ont pu \u00eatre des lieux de stockage de denr\u00e9es, utilis\u00e9s \u00e9galement en temps de guerre pour mener des attaques surprises.<\/figcaption><\/figure><\/li><li class=\"wp-block-jetpack-slideshow_slide swiper-slide\"><figure><img data-recalc-dims=\"1\" loading=\"lazy\" decoding=\"async\" width=\"700\" height=\"398\" alt=\"Bedo ou Doto, cave creus\u00e9e entre le XVIIe si\u00e8cle et le XVIIIe si\u00e8cle, \u00e0 Sako, au Nord d'Agb\u00f4m\u00ea. Situ\u00e9s non loin de b\u00e2tisses royales, ses souterrains ont pu \u00eatre des lieux de stockage de denr\u00e9es, utilis\u00e9s \u00e9galement en temps de guerre pour mener des attaques surprises. Source Image: http:\/\/agongointo.worldarchaeology.org\" class=\"wp-block-jetpack-slideshow_image wp-image-3529\" data-id=\"3529\" src=\"https:\/\/i0.wp.com\/enyema.com\/wp-content\/uploads\/2022\/11\/Cave-a-Sako.jpg?resize=700%2C398&#038;ssl=1\" srcset=\"https:\/\/i0.wp.com\/enyema.com\/wp-content\/uploads\/2022\/11\/Cave-a-Sako.jpg?w=700&amp;ssl=1 700w, https:\/\/i0.wp.com\/enyema.com\/wp-content\/uploads\/2022\/11\/Cave-a-Sako.jpg?resize=300%2C171&amp;ssl=1 300w\" sizes=\"(max-width: 700px) 100vw, 700px\" \/><figcaption class=\"wp-block-jetpack-slideshow_caption gallery-caption\">Bedo ou Doto, cave creus\u00e9e entre le XVIIe si\u00e8cle et le XVIIIe si\u00e8cle, \u00e0 Sako, au Nord d&rsquo;Agb\u00f4m\u00ea.\nSitu\u00e9s non loin de b\u00e2tisses royales, ses souterrains ont pu \u00eatre des lieux de stockage de denr\u00e9es, utilis\u00e9s \u00e9galement en temps de guerre pour mener des attaques surprises.\n<\/figcaption><\/figure><\/li><li class=\"wp-block-jetpack-slideshow_slide swiper-slide\"><figure><img data-recalc-dims=\"1\" loading=\"lazy\" decoding=\"async\" width=\"1440\" height=\"1080\" alt=\"Vestiges du Palais du Roi Agadja (~1708-1740), dans la r\u00e9gion d'Agb\u00f4m\u00ea. Il est celui qui lan\u00e7a la conqu\u00eates de territoires au Sud du Danx\u00f4m\u00e8, jusqu'\u00e0 la mer. Sous son r\u00e8gne, le royaume fit l'objet de pressions venant des Yoruba, de l'empire Oyo. Source Image: http:\/\/willdoherty.org\/\" class=\"wp-block-jetpack-slideshow_image wp-image-3530\" data-id=\"3530\" src=\"https:\/\/i0.wp.com\/enyema.com\/wp-content\/uploads\/2022\/11\/Ruines-du-Palais-du-Roi-Agadja.jpg?resize=1440%2C1080&#038;ssl=1\" srcset=\"https:\/\/i0.wp.com\/enyema.com\/wp-content\/uploads\/2022\/11\/Ruines-du-Palais-du-Roi-Agadja.jpg?w=2048&amp;ssl=1 2048w, https:\/\/i0.wp.com\/enyema.com\/wp-content\/uploads\/2022\/11\/Ruines-du-Palais-du-Roi-Agadja.jpg?resize=300%2C225&amp;ssl=1 300w, https:\/\/i0.wp.com\/enyema.com\/wp-content\/uploads\/2022\/11\/Ruines-du-Palais-du-Roi-Agadja.jpg?resize=1024%2C768&amp;ssl=1 1024w, https:\/\/i0.wp.com\/enyema.com\/wp-content\/uploads\/2022\/11\/Ruines-du-Palais-du-Roi-Agadja.jpg?resize=768%2C576&amp;ssl=1 768w, https:\/\/i0.wp.com\/enyema.com\/wp-content\/uploads\/2022\/11\/Ruines-du-Palais-du-Roi-Agadja.jpg?resize=1536%2C1152&amp;ssl=1 1536w, https:\/\/i0.wp.com\/enyema.com\/wp-content\/uploads\/2022\/11\/Ruines-du-Palais-du-Roi-Agadja.jpg?resize=1200%2C900&amp;ssl=1 1200w, https:\/\/i0.wp.com\/enyema.com\/wp-content\/uploads\/2022\/11\/Ruines-du-Palais-du-Roi-Agadja.jpg?resize=800%2C600&amp;ssl=1 800w, https:\/\/i0.wp.com\/enyema.com\/wp-content\/uploads\/2022\/11\/Ruines-du-Palais-du-Roi-Agadja.jpg?resize=400%2C300&amp;ssl=1 400w, https:\/\/i0.wp.com\/enyema.com\/wp-content\/uploads\/2022\/11\/Ruines-du-Palais-du-Roi-Agadja.jpg?resize=200%2C150&amp;ssl=1 200w\" sizes=\"(max-width: 1440px) 100vw, 1440px\" \/><figcaption class=\"wp-block-jetpack-slideshow_caption gallery-caption\">Vestiges du Palais du Roi Agadja (~1708-1740), dans la r\u00e9gion d&rsquo;Agb\u00f4m\u00ea.\nIl est celui qui lan\u00e7a la conqu\u00eates de territoires au Sud du Danx\u00f4m\u00e8, jusqu&rsquo;\u00e0 la mer. Sous son r\u00e8gne, le royaume fit l&rsquo;objet de pressions venant des Yoruba, de l&#8217;empire Oyo.<\/figcaption><\/figure><\/li><li class=\"wp-block-jetpack-slideshow_slide swiper-slide\"><figure><img data-recalc-dims=\"1\" loading=\"lazy\" decoding=\"async\" width=\"1440\" height=\"1080\" alt=\"Vestiges du Palais du Roi Agadja (~1708-1740), dans la r\u00e9gion d'Agb\u00f4m\u00ea. Il est celui qui lan\u00e7a la conqu\u00eates de territoires au Sud du Danx\u00f4m\u00e8, jusqu'\u00e0 la mer. Sous son r\u00e8gne, le royaume fit l'objet de pressions venant des Yoruba, de l'empire Oyo. Source Image: http:\/\/willdoherty.org\/\" class=\"wp-block-jetpack-slideshow_image wp-image-3532\" data-id=\"3532\" src=\"https:\/\/i0.wp.com\/enyema.com\/wp-content\/uploads\/2022\/11\/Vestiges-du-Palais-du-Roi-Agadja.jpg?resize=1440%2C1080&#038;ssl=1\" srcset=\"https:\/\/i0.wp.com\/enyema.com\/wp-content\/uploads\/2022\/11\/Vestiges-du-Palais-du-Roi-Agadja.jpg?w=2048&amp;ssl=1 2048w, https:\/\/i0.wp.com\/enyema.com\/wp-content\/uploads\/2022\/11\/Vestiges-du-Palais-du-Roi-Agadja.jpg?resize=300%2C225&amp;ssl=1 300w, https:\/\/i0.wp.com\/enyema.com\/wp-content\/uploads\/2022\/11\/Vestiges-du-Palais-du-Roi-Agadja.jpg?resize=1024%2C768&amp;ssl=1 1024w, https:\/\/i0.wp.com\/enyema.com\/wp-content\/uploads\/2022\/11\/Vestiges-du-Palais-du-Roi-Agadja.jpg?resize=768%2C576&amp;ssl=1 768w, https:\/\/i0.wp.com\/enyema.com\/wp-content\/uploads\/2022\/11\/Vestiges-du-Palais-du-Roi-Agadja.jpg?resize=1536%2C1152&amp;ssl=1 1536w, https:\/\/i0.wp.com\/enyema.com\/wp-content\/uploads\/2022\/11\/Vestiges-du-Palais-du-Roi-Agadja.jpg?resize=1200%2C900&amp;ssl=1 1200w, https:\/\/i0.wp.com\/enyema.com\/wp-content\/uploads\/2022\/11\/Vestiges-du-Palais-du-Roi-Agadja.jpg?resize=800%2C600&amp;ssl=1 800w, https:\/\/i0.wp.com\/enyema.com\/wp-content\/uploads\/2022\/11\/Vestiges-du-Palais-du-Roi-Agadja.jpg?resize=400%2C300&amp;ssl=1 400w, https:\/\/i0.wp.com\/enyema.com\/wp-content\/uploads\/2022\/11\/Vestiges-du-Palais-du-Roi-Agadja.jpg?resize=200%2C150&amp;ssl=1 200w\" sizes=\"(max-width: 1440px) 100vw, 1440px\" \/><figcaption class=\"wp-block-jetpack-slideshow_caption gallery-caption\">Vestiges du Palais du Roi Agadja (~1708-1740), dans la r\u00e9gion d&rsquo;Agb\u00f4m\u00ea.\nIl est celui qui lan\u00e7a la conqu\u00eates de territoires au Sud du Danx\u00f4m\u00e8, jusqu&rsquo;\u00e0 la mer. Sous son r\u00e8gne, le royaume fit l&rsquo;objet de pressions venant des Yoruba, de l&#8217;empire Oyo.<\/figcaption><\/figure><\/li><li class=\"wp-block-jetpack-slideshow_slide swiper-slide\"><figure><img data-recalc-dims=\"1\" loading=\"lazy\" decoding=\"async\" width=\"1440\" height=\"1080\" alt=\"Vue de la Fortaleza de S\u00e3o Jo\u00e3o Baptista de Ajud\u00e1 (Ouidah). Fort portugais dont la construction a d\u00e9but\u00e9 en 1721. Il mat\u00e9rialise une prise de position strat\u00e9gique par le Portugal, dans un environnement dans lequel anglais et fran\u00e7ais \u00e9taient particuli\u00e8rement actifs. (Photo: wikimapia)\" class=\"wp-block-jetpack-slideshow_image wp-image-3533\" data-id=\"3533\" src=\"https:\/\/i0.wp.com\/enyema.com\/wp-content\/uploads\/2022\/11\/Vue-de-la-Fortaleza-de-Sao-Joao-Baptista-de-Ajuda.jpeg?resize=1440%2C1080&#038;ssl=1\" srcset=\"https:\/\/i0.wp.com\/enyema.com\/wp-content\/uploads\/2022\/11\/Vue-de-la-Fortaleza-de-Sao-Joao-Baptista-de-Ajuda.jpeg?w=1600&amp;ssl=1 1600w, https:\/\/i0.wp.com\/enyema.com\/wp-content\/uploads\/2022\/11\/Vue-de-la-Fortaleza-de-Sao-Joao-Baptista-de-Ajuda.jpeg?resize=300%2C225&amp;ssl=1 300w, https:\/\/i0.wp.com\/enyema.com\/wp-content\/uploads\/2022\/11\/Vue-de-la-Fortaleza-de-Sao-Joao-Baptista-de-Ajuda.jpeg?resize=1024%2C768&amp;ssl=1 1024w, https:\/\/i0.wp.com\/enyema.com\/wp-content\/uploads\/2022\/11\/Vue-de-la-Fortaleza-de-Sao-Joao-Baptista-de-Ajuda.jpeg?resize=768%2C576&amp;ssl=1 768w, https:\/\/i0.wp.com\/enyema.com\/wp-content\/uploads\/2022\/11\/Vue-de-la-Fortaleza-de-Sao-Joao-Baptista-de-Ajuda.jpeg?resize=1536%2C1152&amp;ssl=1 1536w, https:\/\/i0.wp.com\/enyema.com\/wp-content\/uploads\/2022\/11\/Vue-de-la-Fortaleza-de-Sao-Joao-Baptista-de-Ajuda.jpeg?resize=1200%2C900&amp;ssl=1 1200w, https:\/\/i0.wp.com\/enyema.com\/wp-content\/uploads\/2022\/11\/Vue-de-la-Fortaleza-de-Sao-Joao-Baptista-de-Ajuda.jpeg?resize=800%2C600&amp;ssl=1 800w, https:\/\/i0.wp.com\/enyema.com\/wp-content\/uploads\/2022\/11\/Vue-de-la-Fortaleza-de-Sao-Joao-Baptista-de-Ajuda.jpeg?resize=400%2C300&amp;ssl=1 400w, https:\/\/i0.wp.com\/enyema.com\/wp-content\/uploads\/2022\/11\/Vue-de-la-Fortaleza-de-Sao-Joao-Baptista-de-Ajuda.jpeg?resize=200%2C150&amp;ssl=1 200w\" sizes=\"(max-width: 1440px) 100vw, 1440px\" \/><figcaption class=\"wp-block-jetpack-slideshow_caption gallery-caption\">Vue de la Fortaleza de S\u00e3o Jo\u00e3o Baptista de Ajud\u00e1 (Ouidah).\nFort portugais dont la construction a d\u00e9but\u00e9 en 1721. Il mat\u00e9rialise une prise de position strat\u00e9gique par le Portugal, dans un environnement dans lequel anglais et fran\u00e7ais \u00e9taient d\u00e9j\u00e0 particuli\u00e8rement actifs.<\/figcaption><\/figure><\/li><li class=\"wp-block-jetpack-slideshow_slide swiper-slide\"><figure><img data-recalc-dims=\"1\" loading=\"lazy\" decoding=\"async\" width=\"533\" height=\"800\" alt=\"C\u00e9ramique, Fouilles arch\u00e9ologiques - Palais du Roi Agonglo (1789-1797), p\u00e8re du Roi Gu\u00e9z\u00f4. C\u00e9ramique, Fouilles arch\u00e9ologiques - Palais du Roi Agonglo (1789-1797), p\u00e8re du Roi Gu\u00e9z\u00f4. Il est consid\u00e9r\u00e9 comme un grand r\u00e9formiste du royaume, notamment pour son r\u00f4le dans le domaine du religieux. Source Image: The Abomey Plateau Archaeological Project\" class=\"wp-block-jetpack-slideshow_image wp-image-3542\" data-id=\"3542\" src=\"https:\/\/i0.wp.com\/enyema.com\/wp-content\/uploads\/2022\/11\/Fouilles-archeologiques-Palais-du-Roi-Agonglo-1789-1797.jpg?resize=533%2C800&#038;ssl=1\" srcset=\"https:\/\/i0.wp.com\/enyema.com\/wp-content\/uploads\/2022\/11\/Fouilles-archeologiques-Palais-du-Roi-Agonglo-1789-1797.jpg?w=533&amp;ssl=1 533w, https:\/\/i0.wp.com\/enyema.com\/wp-content\/uploads\/2022\/11\/Fouilles-archeologiques-Palais-du-Roi-Agonglo-1789-1797.jpg?resize=200%2C300&amp;ssl=1 200w\" sizes=\"(max-width: 533px) 100vw, 533px\" \/><figcaption class=\"wp-block-jetpack-slideshow_caption gallery-caption\">C\u00e9ramique, Fouilles arch\u00e9ologiques &#8211; Palais du Roi Agonglo (1789-1797), p\u00e8re du Roi Gu\u00e9z\u00f4.\nIl est consid\u00e9r\u00e9 comme un grand r\u00e9formiste du royaume, notamment pour son r\u00f4le dans le domaine du religieux.  <\/figcaption><\/figure><\/li><li class=\"wp-block-jetpack-slideshow_slide swiper-slide\"><figure><img data-recalc-dims=\"1\" loading=\"lazy\" decoding=\"async\" width=\"1262\" height=\"1043\" alt=\"Procession des Ag\u00f4d\u00f4djitch\u00e9, encadr\u00e9es de musiciens, \u00e0 la suite du souverain. Source Image: slaveryimages.org\" class=\"wp-block-jetpack-slideshow_image wp-image-3706\" data-id=\"3706\" src=\"https:\/\/i0.wp.com\/enyema.com\/wp-content\/uploads\/2022\/11\/Procession-des-Agododjitche-encadrees-de-musiciens-a-la-suite-du-souverain-1.jpg?resize=1262%2C1043&#038;ssl=1\" srcset=\"https:\/\/i0.wp.com\/enyema.com\/wp-content\/uploads\/2022\/11\/Procession-des-Agododjitche-encadrees-de-musiciens-a-la-suite-du-souverain-1.jpg?w=1262&amp;ssl=1 1262w, https:\/\/i0.wp.com\/enyema.com\/wp-content\/uploads\/2022\/11\/Procession-des-Agododjitche-encadrees-de-musiciens-a-la-suite-du-souverain-1.jpg?resize=300%2C248&amp;ssl=1 300w, https:\/\/i0.wp.com\/enyema.com\/wp-content\/uploads\/2022\/11\/Procession-des-Agododjitche-encadrees-de-musiciens-a-la-suite-du-souverain-1.jpg?resize=1024%2C846&amp;ssl=1 1024w, https:\/\/i0.wp.com\/enyema.com\/wp-content\/uploads\/2022\/11\/Procession-des-Agododjitche-encadrees-de-musiciens-a-la-suite-du-souverain-1.jpg?resize=768%2C635&amp;ssl=1 768w, https:\/\/i0.wp.com\/enyema.com\/wp-content\/uploads\/2022\/11\/Procession-des-Agododjitche-encadrees-de-musiciens-a-la-suite-du-souverain-1.jpg?resize=1200%2C992&amp;ssl=1 1200w\" sizes=\"(max-width: 1262px) 100vw, 1262px\" \/><figcaption class=\"wp-block-jetpack-slideshow_caption gallery-caption\">Procession des Ag\u00f4d\u00f4djitch\u00e9, encadr\u00e9es de musiciens, \u00e0 la suite du souverain (A. Dalzel 1793).\nOn y voit des tenues bien diff\u00e9rentes de celles de fin 1800.<\/figcaption><\/figure><\/li><\/ul><a class=\"wp-block-jetpack-slideshow_button-prev swiper-button-prev swiper-button-white\" role=\"button\"><\/a><a class=\"wp-block-jetpack-slideshow_button-next swiper-button-next swiper-button-white\" role=\"button\"><\/a><a aria-label=\"Pause Slideshow\" class=\"wp-block-jetpack-slideshow_button-pause\" role=\"button\"><\/a><div class=\"wp-block-jetpack-slideshow_pagination swiper-pagination swiper-pagination-white\"><\/div><\/div><\/div>\n\n\n\n<p class=\"has-barlow-condensed-font-family has-custom-font wp-block-paragraph\" style=\"font-family:Barlow Condensed;font-size:18px\"><mark style=\"background-color:rgba(0, 0, 0, 0);color:#023858\" class=\"has-inline-color\">Notes et bibliographie<\/mark><\/p>\n<ol class=\"footnotes\"><li id=\"footnote_0_3966\" class=\"footnote\">Doguicimi: the first Dahomean novel: Hazoume\u0301, Paul, 1937.<span class=\"footnote-back-link-wrapper\">[<a href=\"#identifier_0_3966\" class=\"footnote-link footnote-back-link\">&#8617;<\/a>]<\/span><\/li><li id=\"footnote_1_3966\" class=\"footnote\">Pourrait \u00eatre traduit par \u00ab Sur le ventre du Serpent (Dan) \u00bb. Nom par lequel la tradition d\u00e9signe le roi d\u00e9fait, oppos\u00e9 aux anc\u00eatres des danx\u00f4m\u00e8nou, apr\u00e8s le r\u00e8gne duquel l&rsquo;on verra \u00e9merger leur pouvoir.<span class=\"footnote-back-link-wrapper\">[<a href=\"#identifier_1_3966\" class=\"footnote-link footnote-back-link\">&#8617;<\/a>]<\/span><\/li><li id=\"footnote_2_3966\" class=\"footnote\">cf. Carte explicative, pr\u00e9sente dans le diaporama.<span class=\"footnote-back-link-wrapper\">[<a href=\"#identifier_2_3966\" class=\"footnote-link footnote-back-link\">&#8617;<\/a>]<\/span><\/li><li id=\"footnote_3_3966\" class=\"footnote\">Dalzel,\u00a0Archibald.\u00a0The History of Dahomy: An Inland Kingdom of Africa.\u00a0Royaume-Uni:\u00a0Editor,\u00a01793.<span class=\"footnote-back-link-wrapper\">[<a href=\"#identifier_3_3966\" class=\"footnote-link footnote-back-link\">&#8617;<\/a>]<\/span><\/li><li id=\"footnote_4_3966\" class=\"footnote\">Nom d\u00e9signant ce peuple, dont une tradition fait remonter des origines au Sud du b\u00e9nin, dans la r\u00e9gion d&rsquo;Adja-Tado. Assimil\u00e9s aux Agassouvi, qui ont conquis des terres au Nord, pour fonder le Danx\u00f4m\u00e8<span class=\"footnote-back-link-wrapper\">[<a href=\"#identifier_4_3966\" class=\"footnote-link footnote-back-link\">&#8617;<\/a>]<\/span><\/li><li id=\"footnote_5_3966\" class=\"footnote\">Il est consid\u00e9r\u00e9 comme le chef de file des Agassouvi, communaut\u00e9 qui s&rsquo;est install\u00e9e sur les terres de la future Agb\u00f4m\u00ea aux alentours des XVIe et XVIIe si\u00e8cles. Voir par exemple, Biographie du roi Kpengla du Danhom\u00e8 (1774-1789).\u00a0Royaume-Uni:\u00a0Editions L&rsquo;Harmattan,\u00a0Vido,\u00a0Arthur, 2019.<span class=\"footnote-back-link-wrapper\">[<a href=\"#identifier_5_3966\" class=\"footnote-link footnote-back-link\">&#8617;<\/a>]<\/span><\/li><li id=\"footnote_6_3966\" class=\"footnote\">Souveraine, ayant r\u00e9gn\u00e9 \u00e0 partir du XVIIe si\u00e8cle, et dont la carrure et le charisme av\u00e9r\u00e9, ont pu contribuer \u00e0 dynamiser l&rsquo;institution de la femme-soldat<span class=\"footnote-back-link-wrapper\">[<a href=\"#identifier_6_3966\" class=\"footnote-link footnote-back-link\">&#8617;<\/a>]<\/span><\/li><li id=\"footnote_7_3966\" class=\"footnote\">Phrase utilis\u00e9e pour d\u00e9signer le roi Gb\u00eahanzin. Traduisible par: \u00ab Lorsque le requin se met en col\u00e8re, l&rsquo;oc\u00e9an se calme. \u00bb.<span class=\"footnote-back-link-wrapper\">[<a href=\"#identifier_7_3966\" class=\"footnote-link footnote-back-link\">&#8617;<\/a>]<\/span><\/li><li id=\"footnote_8_3966\" class=\"footnote\">Collection mus\u00e9ale, Mus\u00e9e du Quai Branly, Paris.<span class=\"footnote-back-link-wrapper\">[<a href=\"#identifier_8_3966\" class=\"footnote-link footnote-back-link\">&#8617;<\/a>][<a href=\"#identifier_12_3966\" class=\"footnote-link footnote-back-link\">&#8617;<\/a>][<a href=\"#identifier_24_3966\" class=\"footnote-link footnote-back-link\">&#8617;<\/a>][<a href=\"#identifier_33_3966\" class=\"footnote-link footnote-back-link\">&#8617;<\/a>][<a href=\"#identifier_79_3966\" class=\"footnote-link footnote-back-link\">&#8617;<\/a>]<\/span><\/li><li id=\"footnote_9_3966\" class=\"footnote\">Traduisible par \u00ab La cheffe qui a notre charge. \u00bb<span class=\"footnote-back-link-wrapper\">[<a href=\"#identifier_9_3966\" class=\"footnote-link footnote-back-link\">&#8617;<\/a>]<\/span><\/li><li id=\"footnote_10_3966\" class=\"footnote\"><em>Kondo le requin: drame historique en 3 actes.\u00a0B\u00e9nin:\u00a0Librairie nationale, Pliya,\u00a0J., 1975.<\/em><span class=\"footnote-back-link-wrapper\">[<a href=\"#identifier_10_3966\" class=\"footnote-link footnote-back-link\">&#8617;<\/a>]<\/span><\/li><li id=\"footnote_11_3966\" class=\"footnote\">Comme le Migan, la Migannon, \u00e9tait entre autres \u00e9galement charg\u00e9e de t\u00e2ches peu commodes, comme les ex\u00e9cutions de femmes rendues coupables d&rsquo;adult\u00e8re. cf. \u00c9tudes dahom\u00e9ennes.\u00a0B\u00e9nin:\u00a0Minist\u00e8re de l&rsquo;\u00e9ducation nationale et de la culture, Institut de recherches appliqu\u00e9es du Dahomey (I.R.A.D), R\u00e9publique du Dahomey,\u00a01970.<span class=\"footnote-back-link-wrapper\">[<a href=\"#identifier_11_3966\" class=\"footnote-link footnote-back-link\">&#8617;<\/a>]<\/span><\/li><li id=\"footnote_12_3966\" class=\"footnote\">Des sources orales font \u00e9tat de la pr\u00e9sence de chasseresse au moins au d\u00e9but de l&rsquo;\u00e9mergence d&rsquo;Agb\u00f4m\u00ea. H. d&rsquo;Almeida-Topor \u00e9voquera d&rsquo;ailleurs la possibilit\u00e9 d&rsquo;une existence de celles-ci, pouvant \u00eatre ant\u00e9rieure ou contemporaine de la fondation du Danx\u00f4m\u00e8. cf. Almeida-Topor,&nbsp;H\u00e9l\u00e8ne d&rsquo;.&nbsp;Les Amazones.&nbsp;N.p.:&nbsp;FeniXX r\u00e9\u00e9dition num\u00e9rique,&nbsp;1983.<span class=\"footnote-back-link-wrapper\">[<a href=\"#identifier_13_3966\" class=\"footnote-link footnote-back-link\">&#8617;<\/a>]<\/span><\/li><li id=\"footnote_13_3966\" class=\"footnote\"><em>The Cambridge History of Africa.&nbsp;Royaume-Uni:&nbsp;Cambridge University Press,&nbsp;Forbes, Frederick E., 1975.<\/em><span class=\"footnote-back-link-wrapper\">[<a href=\"#identifier_14_3966\" class=\"footnote-link footnote-back-link\">&#8617;<\/a>]<\/span><\/li><li id=\"footnote_14_3966\" class=\"footnote\"><em>Dahomey and the Dahomans; being the journals of two missions to the king of Dahomey, and residence at his capital, in the year and 1850. London, Longman, Brown, Green,and Longmans, 1851.<\/em><span class=\"footnote-back-link-wrapper\">[<a href=\"#identifier_15_3966\" class=\"footnote-link footnote-back-link\">&#8617;<\/a>]<\/span><\/li><li id=\"footnote_15_3966\" class=\"footnote\">Phrase traduisible par \u00ab L&rsquo;oiseau cardinal ne peut enflammer la brousse. \u00bb<span class=\"footnote-back-link-wrapper\">[<a href=\"#identifier_16_3966\" class=\"footnote-link footnote-back-link\">&#8617;<\/a>]<\/span><\/li><li id=\"footnote_16_3966\" class=\"footnote\">Traduisible par: Personne qui a autorit\u00e9<span class=\"footnote-back-link-wrapper\">[<a href=\"#identifier_17_3966\" class=\"footnote-link footnote-back-link\">&#8617;<\/a>]<\/span><\/li><li id=\"footnote_17_3966\" class=\"footnote\">Terme d\u00e9signant la guerri\u00e8re fon, jouant un r\u00f4le d&rsquo;espionne, prenant diff\u00e9rentes identit\u00e9s, adoptant des m\u00e9tiers la rendant difficilement soup\u00e7onnable par l&rsquo;ennemi, elle fut utile pour la collecte de donn\u00e9es cruciales durant l&rsquo;exercice de ses fonctions. Cela afin de jouer un r\u00f4le d\u00e9terminant, e.g. dans la ch\u00fbte de Hu\u00e9da.<span class=\"footnote-back-link-wrapper\">[<a href=\"#identifier_18_3966\" class=\"footnote-link footnote-back-link\">&#8617;<\/a>]<\/span><\/li><li id=\"footnote_18_3966\" class=\"footnote\">Unit\u00e9s astreintes \u00e0 constituer la garde la plus proche des souverains.<span class=\"footnote-back-link-wrapper\">[<a href=\"#identifier_19_3966\" class=\"footnote-link footnote-back-link\">&#8617;<\/a>]<\/span><\/li><li id=\"footnote_19_3966\" class=\"footnote\">\u00c0 ne pas identifier au personnage fictif de Nanisca. Elle fut une Ag\u00f4d\u00f4djich\u00e9, ayant servi sous le roi Gl\u00e8l\u00e8 et son fils Gb\u00eahanzin, brillant par ses nombreux exploits, elle est rest\u00e9e dans les m\u00e9moires comme incarnation de la bravoure. Mentionn\u00e9e par exemple dans <em>Alpern,&nbsp;Stanley B..&nbsp;Amazons of Black Sparta, 2nd Edition: The Women Warriors of Dahomey.&nbsp;\u00c9tats-Unis:&nbsp;NYU Press,&nbsp;2011.<\/em><span class=\"footnote-back-link-wrapper\">[<a href=\"#identifier_20_3966\" class=\"footnote-link footnote-back-link\">&#8617;<\/a>]<\/span><\/li><li id=\"footnote_20_3966\" class=\"footnote\">Traduisible par \u00ab Attention ! \u00bb, Cri pouss\u00e9 par les soldates qu&rsquo;il participera \u00e0 d\u00e9signer.<span class=\"footnote-back-link-wrapper\">[<a href=\"#identifier_21_3966\" class=\"footnote-link footnote-back-link\">&#8617;<\/a>]<\/span><\/li><li id=\"footnote_21_3966\" class=\"footnote\">Titre accord\u00e9 et montrant une marque de respect, d&rsquo;honneur accord\u00e9. D\u00e9cern\u00e9 aux femmes et aux hommes.<span class=\"footnote-back-link-wrapper\">[<a href=\"#identifier_22_3966\" class=\"footnote-link footnote-back-link\">&#8617;<\/a>]<\/span><\/li><li id=\"footnote_22_3966\" class=\"footnote\">H. d&rsquo;Almeida-Topor, met en \u00e9vidence le cas de volontaires vivant pleinement au sein de la soci\u00e9t\u00e9 en temps de paix. cf. Almeida-Topor,&nbsp;H\u00e9l\u00e8ne d&rsquo;.&nbsp;Les Amazones.&nbsp;N.p.:&nbsp;FeniXX r\u00e9\u00e9dition num\u00e9rique,&nbsp;1983. | Jules Poirier, de son c\u00f4t\u00e9 \u00e9voquait notamment l&rsquo;existence d&rsquo;arm\u00e9es de r\u00e9serves compos\u00e9es de femmes. cf. Poirier,&nbsp;Jules.&nbsp;Campagne du Dahomey, 1892-1894: Pr\u00e9c\u00e9d\u00e9e d&rsquo;une \u00e9tude g\u00e9ographique et historique sur ce pays et suivie de la carte au 1\/500,000e \u00e9tablie au Bureau topographique de l&rsquo;\u00c9tat-major du corps exp\u00e9ditionnaire par ordre de m. le g\u00e9n\u00e9ral Dodds.&nbsp;France:&nbsp;H. Charles-Lavauzelle,&nbsp;1895.<span class=\"footnote-back-link-wrapper\">[<a href=\"#identifier_23_3966\" class=\"footnote-link footnote-back-link\">&#8617;<\/a>]<\/span><\/li><li id=\"footnote_23_3966\" class=\"footnote\">Peuple consid\u00e9r\u00e9 dans des r\u00e9cits, comme partageant une ascendance avec les fon<span class=\"footnote-back-link-wrapper\">[<a href=\"#identifier_25_3966\" class=\"footnote-link footnote-back-link\">&#8617;<\/a>]<\/span><\/li><li id=\"footnote_24_3966\" class=\"footnote\">Souverain dont le r\u00e8gne intervient apr\u00e8s celui de Hangb\u00ea, et qui monte sur le tr\u00f4ne, \u00e0 la place du successeur d\u00e9sign\u00e9 du vivant d&rsquo;Akaba; fr\u00e8re jumeau de Hangb\u00ea, et premier monarque de la fratrie.<span class=\"footnote-back-link-wrapper\">[<a href=\"#identifier_26_3966\" class=\"footnote-link footnote-back-link\">&#8617;<\/a>]<\/span><\/li><li id=\"footnote_25_3966\" class=\"footnote\">Terme utilis\u00e9 pour d\u00e9signer les populations du Danx\u00f4m\u00e8<span class=\"footnote-back-link-wrapper\">[<a href=\"#identifier_27_3966\" class=\"footnote-link footnote-back-link\">&#8617;<\/a>]<\/span><\/li><li id=\"footnote_26_3966\" class=\"footnote\">William Smith, Thirty Different Drafts of Guinea (London, 1727), plate 28<\/mark>.<span class=\"footnote-back-link-wrapper\">[<a href=\"#identifier_28_3966\" class=\"footnote-link footnote-back-link\">&#8617;<\/a>]<\/span><\/li><li id=\"footnote_27_3966\" class=\"footnote\"><em>Bay,&nbsp;Edna G..&nbsp;Wives of the Leopard: Gender, Politics, and Culture in the Kingdom of Dahomey.&nbsp;N.p.:&nbsp;University of Virginia Press,&nbsp;2012.<\/em><span class=\"footnote-back-link-wrapper\">[<a href=\"#identifier_29_3966\" class=\"footnote-link footnote-back-link\">&#8617;<\/a>]<\/span><\/li><li id=\"footnote_28_3966\" class=\"footnote\">Des \u00e9crits font \u00e9tat de sa d\u00e9portation par le souverain contest\u00e9 Adandozan, fr\u00e8re d&rsquo;Akaba et de Tassin Hangb\u00ea. Elle pourrait \u00eatre celle qui dans le film \u00ab The Woman King \u00bb paru en 2022, est indiqu\u00e9e comme avoir \u00e9t\u00e9 vendue comme esclave.<span class=\"footnote-back-link-wrapper\">[<a href=\"#identifier_30_3966\" class=\"footnote-link footnote-back-link\">&#8617;<\/a>]<\/span><\/li><li id=\"footnote_29_3966\" class=\"footnote\"><em>Araujo,&nbsp;Ana&nbsp;Lucia. \u00abHistory, Memory and Imagination: Na Agontim\u00e9, a Dahomean Queen in Brazil. \u00bb In Beyond Tradition: African Women in Cultural and Political Spaces.&nbsp;Royaume-Uni:&nbsp;Africa World Press,&nbsp;2011.<\/em><span class=\"footnote-back-link-wrapper\">[<a href=\"#identifier_31_3966\" class=\"footnote-link footnote-back-link\">&#8617;<\/a>]<\/span><\/li><li id=\"footnote_30_3966\" class=\"footnote\"><em>Pierre Verger, \u00ab Le culte des Vodoun d&rsquo;Abomey aurait-il \u00e9t\u00e9 apport\u00e9 \u00e0 Saint-Louis de Maranhon par la m\u00e8re du roi Gh\u00e9zo ? \u00bb, \u00c9tudes Dahom\u00e9ennes,1952.<\/em><span class=\"footnote-back-link-wrapper\">[<a href=\"#identifier_32_3966\" class=\"footnote-link footnote-back-link\">&#8617;<\/a>]<\/span><\/li><li id=\"footnote_31_3966\" class=\"footnote\">Zurara, G. . How Nuno Tristam went to Tira, and of the Moors that he took captive there. In C. Beazley &amp; E. Prestage (Eds.),&nbsp;The Chronicle of the Discovery and Conquest of Guinea&nbsp;(Cambridge Library Collection &#8211; Hakluyt First Series, pp. 96-98). Cambridge: Cambridge University Press, 2010.<span class=\"footnote-back-link-wrapper\">[<a href=\"#identifier_34_3966\" class=\"footnote-link footnote-back-link\">&#8617;<\/a>]<\/span><\/li><li id=\"footnote_32_3966\" class=\"footnote\">D\u00e9nomination ancienne de la ville de Ouidah. Cette derni\u00e8re, probablement sous le r\u00e8gne de Kpass\u00e8, rencontrera ceux qui joueront un r\u00f4le d\u00e9terminant dans le commerce n\u00e9grier. Une tradition fait \u00e9tat d&rsquo;une fondation ayant un lien avec ce roi. Il aurait fond\u00e9 une petite ferme appel\u00e9e Gl\u00e9hou\u00e9, ce qui est traduisible par \u00ab La maison (xw\u00e9) des champs \u00bb. Cet endroit serait \u00e0 l&rsquo;origine de la d\u00e9signation utilis\u00e9e encore aujourd&rsquo;hui : Gl\u00e9hou\u00e9 Kpass\u00e8-Tom\u00e8. Conclusions relay\u00e9es \u00e9galement par Alain Sinou. cf. Le comptoir de Ouidah: une ville africaine singuli\u00e8re. Paris: Karthala , 1995.<span class=\"footnote-back-link-wrapper\">[<a href=\"#identifier_35_3966\" class=\"footnote-link footnote-back-link\">&#8617;<\/a>]<\/span><\/li><li id=\"footnote_33_3966\" class=\"footnote\">C\u00f4te des mauvaises gens cf. Carte de la Guin\u00e9e et Pays circomvoisins: L&rsquo;Afrique de Marmol, 1667<span class=\"footnote-back-link-wrapper\">[<a href=\"#identifier_36_3966\" class=\"footnote-link footnote-back-link\">&#8617;<\/a>]<\/span><\/li><li id=\"footnote_34_3966\" class=\"footnote\">\u00ab Les N\u00e8gres de cette c\u00f4te sont de grands p\u00eacheurs et poss\u00e8dent des pirogues avec ch\u00e2teaux \u00e0 l&rsquo;avant; ils ont des capuchons comme&nbsp;des voiles&nbsp;et vont nus et sont idol\u00e2tres: nous les appelons Bei\u00e7udos (\u00ab aux l\u00e8vres \u00e9paisses \u00bb) et l\u00e0 on ne fait pas de commerce. Ce sont de mauvaises gens. \u00bb cf. Azevedo Basto,&nbsp;Raphael Eduardo de.,&nbsp;Pacheco Pereira,&nbsp;Duarte.&nbsp;Esmeraldo de situ orbis.&nbsp;Br\u00e9sil:&nbsp;Imprensa Nacional,&nbsp;1892.<span class=\"footnote-back-link-wrapper\">[<a href=\"#identifier_37_3966\" class=\"footnote-link footnote-back-link\">&#8617;<\/a>]<\/span><\/li><li id=\"footnote_35_3966\" class=\"footnote\">En t\u00e9moignent les guerres du XIe et XIIe si\u00e8cle dans la p\u00e9ninsule ib\u00e9rique<span class=\"footnote-back-link-wrapper\">[<a href=\"#identifier_38_3966\" class=\"footnote-link footnote-back-link\">&#8617;<\/a>]<\/span><\/li><li id=\"footnote_36_3966\" class=\"footnote\">Consid\u00e9r\u00e9 comme auteur du document le plus important de l&rsquo;Histoire de la \u00ab d\u00e9couverte \u00bb de la c\u00f4te occidentale africaine, il fut sous le r\u00e8gne d&rsquo;Alphonse&nbsp;V, chevalier, chroniqueur royal officiel, puis Guarda-mor das escrituras, conservateur des Torre&nbsp;do&nbsp;Tombo, archives nationales.<span class=\"footnote-back-link-wrapper\">[<a href=\"#identifier_39_3966\" class=\"footnote-link footnote-back-link\">&#8617;<\/a>]<\/span><\/li><li id=\"footnote_37_3966\" class=\"footnote\">The Chronicle of the Discovery and Conquest of Guinea. Written by Gomes Eannes de Azurara: Volume I. (Chapters I-XL) with an Introduction on the Life and Writings of the Chronicler.&nbsp;Royaume-Uni:&nbsp;Hakluyt Society,&nbsp;2017.<span class=\"footnote-back-link-wrapper\">[<a href=\"#identifier_40_3966\" class=\"footnote-link footnote-back-link\">&#8617;<\/a>]<\/span><\/li><li id=\"footnote_38_3966\" class=\"footnote\">Mat\u00e9rialis\u00e9e dans des \u00e9changes, notamment autour de la mal\u00e9diction de Cham, recevant \u00e9cho dans un espace impr\u00e9gn\u00e9 d\u2019un lien fort avec le religieux et au contexte politique le facilitant, qui a fait l\u2019objet d\u2019une vaste litt\u00e9rature.<span class=\"footnote-back-link-wrapper\">[<a href=\"#identifier_41_3966\" class=\"footnote-link footnote-back-link\">&#8617;<\/a>]<\/span><\/li><li id=\"footnote_39_3966\" class=\"footnote\">Portugal and the Curse of Cain: The Birth of the Transatlantic Slave \u00ab Trade \u00bb,&nbsp;1421-1441&nbsp;(Article). David Publishing April 1, 2021.<span class=\"footnote-back-link-wrapper\">[<a href=\"#identifier_42_3966\" class=\"footnote-link footnote-back-link\">&#8617;<\/a>]<\/span><\/li><li id=\"footnote_40_3966\" class=\"footnote\">D\u00e9signe au Br\u00e9sil, l&rsquo;installation de production de sucre, et par extension la surface agricole exploit\u00e9e.<span class=\"footnote-back-link-wrapper\">[<a href=\"#identifier_43_3966\" class=\"footnote-link footnote-back-link\">&#8617;<\/a>]<\/span><\/li><li id=\"footnote_41_3966\" class=\"footnote\">La Hollande a \u00e9galement eu des possessions au Br\u00e9sil. La Dutch West India Company, fut active dans le commerce du sucre de canne. Les colons n\u00e9erlandais firent face \u00e0 des r\u00e9voltes de colons portugais notamment au XVIIe si\u00e8cle, \u00e0 la suite desquelles des territoires du Nord du Br\u00e9sil furent perdus.<span class=\"footnote-back-link-wrapper\">[<a href=\"#identifier_44_3966\" class=\"footnote-link footnote-back-link\">&#8617;<\/a>]<\/span><\/li><li id=\"footnote_42_3966\" class=\"footnote\">Hoerder,&nbsp;Dirk.&nbsp;Cultures in Contact: World Migrations in the Second Millennium.&nbsp;Royaume-Uni:&nbsp;Duke University Press,&nbsp;2002.<span class=\"footnote-back-link-wrapper\">[<a href=\"#identifier_45_3966\" class=\"footnote-link footnote-back-link\">&#8617;<\/a>]<\/span><\/li><li id=\"footnote_43_3966\" class=\"footnote\">Taylor, Kit Sims. \u00ab The Economics of Sugar and Slavery in Northeastern Brazil. \u00bb Agricultural History 44, no. 3 (1970): 267\u201380.<span class=\"footnote-back-link-wrapper\">[<a href=\"#identifier_46_3966\" class=\"footnote-link footnote-back-link\">&#8617;<\/a>]<\/span><\/li><li id=\"footnote_44_3966\" class=\"footnote\">Ebert, C. \u00ab Chapter Eight. Supply, demand, prices and profitability \u00bb. In Between Empires: Brazilian Sugar in the Early Atlantic Economy,1550-1630, (Leiden, The Netherlands: Brill, 2008) <span class=\"footnote-back-link-wrapper\">[<a href=\"#identifier_47_3966\" class=\"footnote-link footnote-back-link\">&#8617;<\/a>]<\/span><\/li><li id=\"footnote_45_3966\" class=\"footnote\">Amgueddfa Cymru &#8211; Collection Mus\u00e9ale, National Museum Wales.<span class=\"footnote-back-link-wrapper\">[<a href=\"#identifier_48_3966\" class=\"footnote-link footnote-back-link\">&#8617;<\/a>]<\/span><\/li><li id=\"footnote_46_3966\" class=\"footnote\">Herbert,&nbsp;Eugenia W..&nbsp;Red Gold of Africa: Copper in Precolonial History and Culture.&nbsp;Royaume-Uni:&nbsp;University of Wisconsin Press,&nbsp;1984.<span class=\"footnote-back-link-wrapper\">[<a href=\"#identifier_49_3966\" class=\"footnote-link footnote-back-link\">&#8617;<\/a>]<\/span><\/li><li id=\"footnote_47_3966\" class=\"footnote\">A Forced Hand: Natives, Africans, and the Population of Brazil, 1545\u20131850. Revista de Historia Econ\u00f3mica\/Journal of Iberian and Latin American Economic History 31(2):285\u2013317. Bucciferro, Justin R. 2015<span class=\"footnote-back-link-wrapper\">[<a href=\"#identifier_50_3966\" class=\"footnote-link footnote-back-link\">&#8617;<\/a>]<\/span><\/li><li id=\"footnote_48_3966\" class=\"footnote\">Manning,&nbsp;Patrick.&nbsp;Slavery, Colonialism and Economic Growth in Dahomey, 1640-1960.&nbsp;Royaume-Uni:&nbsp;Cambridge University Press,&nbsp;2004.<span class=\"footnote-back-link-wrapper\">[<a href=\"#identifier_51_3966\" class=\"footnote-link footnote-back-link\">&#8617;<\/a>][<a href=\"#identifier_69_3966\" class=\"footnote-link footnote-back-link\">&#8617;<\/a>]<\/span><\/li><li id=\"footnote_49_3966\" class=\"footnote\"><em>Coquery-Vidrovitch, Catherine: La&nbsp;f\u00eate&nbsp;des&nbsp;Coutumes&nbsp;au&nbsp;Dahomey.&nbsp;Historique&nbsp;et&nbsp;essai&nbsp;d&rsquo;interpr\u00e9tation, Annales, vol. XIX, 1964.<\/em><span class=\"footnote-back-link-wrapper\">[<a href=\"#identifier_52_3966\" class=\"footnote-link footnote-back-link\">&#8617;<\/a>]<\/span><\/li><li id=\"footnote_50_3966\" class=\"footnote\">D\u00e9saccord marquant au sujet de l&rsquo;interpr\u00e9tation du tremblement de terre qui marqua le r\u00e8gne de Kpengla, et questionnant ainsi le rapport aux sacrifices humains, auxquels les Bokonon imputaient la responsabilit\u00e9.<span class=\"footnote-back-link-wrapper\">[<a href=\"#identifier_53_3966\" class=\"footnote-link footnote-back-link\">&#8617;<\/a>]<\/span><\/li><li id=\"footnote_51_3966\" class=\"footnote\">Verger,&nbsp;Pierre.&nbsp;Flux et reflux de la traite des n\u00e8gres entre le Golfe de B\u00e9nin et Bahia de Todos os Santos du XVIIe au XIXe si\u00e8cle.&nbsp;Allemagne:&nbsp;De Gruyter,&nbsp;2011.<span class=\"footnote-back-link-wrapper\">[<a href=\"#identifier_54_3966\" class=\"footnote-link footnote-back-link\">&#8617;<\/a>]<\/span><\/li><li id=\"footnote_52_3966\" class=\"footnote\">Ou encore Factoreries: Lieux de traite, Forts construits pour l\u2019occasion.<span class=\"footnote-back-link-wrapper\">[<a href=\"#identifier_55_3966\" class=\"footnote-link footnote-back-link\">&#8617;<\/a>]<\/span><\/li><li id=\"footnote_53_3966\" class=\"footnote\">Fort portugais de Ouidah, dont la construction a d\u00e9but\u00e9 en 1721. Il mat\u00e9rialise une prise de position strat\u00e9gique par le Portugal, dans un environnement dans lequel anglais et fran\u00e7ais \u00e9taient d\u00e9j\u00e0 particuli\u00e8rement actifs.<span class=\"footnote-back-link-wrapper\">[<a href=\"#identifier_56_3966\" class=\"footnote-link footnote-back-link\">&#8617;<\/a>]<\/span><\/li><li id=\"footnote_54_3966\" class=\"footnote\">Tr\u00e8s probablement une appellation de l&#8217;empire Yoruba, Oyo, repr\u00e9sent\u00e9 par son Alaafin, souverain. Il \u00e9tait le seul v\u00e9ritablement capable de freiner les avanc\u00e9es fon, selon des \u00e9crits de l&rsquo;\u00e9poque.<span class=\"footnote-back-link-wrapper\">[<a href=\"#identifier_57_3966\" class=\"footnote-link footnote-back-link\">&#8617;<\/a>]<\/span><\/li><li id=\"footnote_55_3966\" class=\"footnote\">L&rsquo;or fut particuli\u00e8rement utilis\u00e9 par les n\u00e9gociants, \u00e0 tel point que certains en d\u00e9pensaient (pour acqu\u00e9rir des humains), bien plus qu&rsquo;ils n&rsquo;en emportaient en partant du Br\u00e9sil.<span class=\"footnote-back-link-wrapper\">[<a href=\"#identifier_58_3966\" class=\"footnote-link footnote-back-link\">&#8617;<\/a>]<\/span><\/li><li id=\"footnote_56_3966\" class=\"footnote\">Akinjogbin,&nbsp;I. A.. Dahomey and Its Neighbours, 1708-1818.&nbsp;Royaume-Uni:&nbsp;Cambridge U.P.,&nbsp;1967.<span class=\"footnote-back-link-wrapper\">[<a href=\"#identifier_59_3966\" class=\"footnote-link footnote-back-link\">&#8617;<\/a>]<\/span><\/li><li id=\"footnote_57_3966\" class=\"footnote\">David Henige&nbsp;and&nbsp;Marion Johnson, &lsquo;Agaja and the Slave Trade: Another Look at the Evidence&rsquo;, History in Africa, 1976.<span class=\"footnote-back-link-wrapper\">[<a href=\"#identifier_60_3966\" class=\"footnote-link footnote-back-link\">&#8617;<\/a>]<\/span><\/li><li id=\"footnote_58_3966\" class=\"footnote\">Joutard,\u00a0Philippe.,\u00a0Poton,\u00a0Didier.,\u00a0Veyssi\u00e8re,\u00a0Laurent.\u00a0Vers un nouveau monde atlantique: Les trait\u00e9s de Paris, 1763-1783.\u00a0France:\u00a0Presses universitaires de Rennes,\u00a02018.<span class=\"footnote-back-link-wrapper\">[<a href=\"#identifier_61_3966\" class=\"footnote-link footnote-back-link\">&#8617;<\/a>]<\/span><\/li><li id=\"footnote_59_3966\" class=\"footnote\">Conflit majeur, que W. Churchill d\u00e9signera comme la premi\u00e8re guerre mondiale. cf. H\u00e9lie,\u00a0J\u00e9r\u00f4me.\u00a0Le XVIIIe si\u00e8cle.\u00a0France:\u00a0Armand Colin,\u00a02021. Ce conflit a eu des ramifications tr\u00e8s \u00e9tendues, impliquant de multiples pays. Il a vu \u00e9galement la Grande-Bretagne, s&#8217;emparer de l&rsquo;\u00eele strat\u00e9gique de Gor\u00e9e, mettant la main ainsi sur un profitable commerce, saisissant des activit\u00e9s ant\u00e9rieurement contr\u00f4l\u00e9es par la France.<span class=\"footnote-back-link-wrapper\">[<a href=\"#identifier_62_3966\" class=\"footnote-link footnote-back-link\">&#8617;<\/a>]<\/span><\/li><li id=\"footnote_60_3966\" class=\"footnote\">Tableau de Richard Paton (London 1717-1791) Bohnams &#8211; The battle of Lagos, August 18, 1759 Lot number: 25777\/lot\/76\/ 19th Century European Paintings, 8 Jul 2020, New York<\/mark>.<span class=\"footnote-back-link-wrapper\">[<a href=\"#identifier_63_3966\" class=\"footnote-link footnote-back-link\">&#8617;<\/a>]<\/span><\/li><li id=\"footnote_61_3966\" class=\"footnote\">Gainot, Bernard. \u00ab Le Dahomey dans la \u00ab colonisation nouvelle \u00bb 1799 \u00bb,&nbsp;<em>Dix-huiti\u00e8me si\u00e8cle<\/em>, vol. 44, no. 1, 2012, pp. 97-116.<span class=\"footnote-back-link-wrapper\">[<a href=\"#identifier_64_3966\" class=\"footnote-link footnote-back-link\">&#8617;<\/a>]<\/span><\/li><li id=\"footnote_62_3966\" class=\"footnote\">The Slave Coast of West Africa, 1550\u20131750: The Impact of the Atlantic Slave Trade on an African Society. Oxford: Clarendon Press; Miller, Joseph C. 1982<span class=\"footnote-back-link-wrapper\">[<a href=\"#identifier_65_3966\" class=\"footnote-link footnote-back-link\">&#8617;<\/a>]<\/span><\/li><li id=\"footnote_63_3966\" class=\"footnote\">The Woman King: The truth about slavery matters: \u00ab Africans too sold other Africans into slavery. By hiding that, Black filmmakers are breaking with a heroic legacy. \u00bb<span class=\"footnote-back-link-wrapper\">[<a href=\"#identifier_66_3966\" class=\"footnote-link footnote-back-link\">&#8617;<\/a>]<\/span><\/li><li id=\"footnote_64_3966\" class=\"footnote\">Benjamin Sigismond Frossard \u00e0 la Convention Nationale Sur L&rsquo;abolition de la Traite Des N\u00e8gres Paris, Le 12 D\u00e9cembre 1792 \u2026.&nbsp;France:&nbsp;n.p.,&nbsp;1792.<span class=\"footnote-back-link-wrapper\">[<a href=\"#identifier_67_3966\" class=\"footnote-link footnote-back-link\">&#8617;<\/a>]<\/span><\/li><li id=\"footnote_65_3966\" class=\"footnote\">Bulletin of the Bureau of Agricultural Intelligence and of Plant-Diseases.&nbsp;Italie:&nbsp;n.p.,&nbsp;1920.<span class=\"footnote-back-link-wrapper\">[<a href=\"#identifier_68_3966\" class=\"footnote-link footnote-back-link\">&#8617;<\/a>]<\/span><\/li><li id=\"footnote_66_3966\" class=\"footnote\">Lynn,&nbsp;Martin.&nbsp;Commerce and Economic Change in West Africa: The Palm Oil Trade in the Nineteenth Century.&nbsp;Royaume-Uni:&nbsp;Cambridge University Press,&nbsp;2002.<span class=\"footnote-back-link-wrapper\">[<a href=\"#identifier_70_3966\" class=\"footnote-link footnote-back-link\">&#8617;<\/a>][<a href=\"#identifier_71_3966\" class=\"footnote-link footnote-back-link\">&#8617;<\/a>]<\/span><\/li><li id=\"footnote_67_3966\" class=\"footnote\">Chefs locaux, larges propri\u00e9taires terriens pouvant lever des arm\u00e9es pour des campagnes militaires royales. La propri\u00e9t\u00e9 \u00e9tant n\u00e9anmoins en quelque sorte de fa\u00e7on primordiale, dans la sp\u00e9cificit\u00e9 de sa declinaison danx\u00f4m\u00e8nou, d\u00e9volue \u00e0 l&rsquo;ax\u00f2su.<span class=\"footnote-back-link-wrapper\">[<a href=\"#identifier_72_3966\" class=\"footnote-link footnote-back-link\">&#8617;<\/a>]<\/span><\/li><li id=\"footnote_68_3966\" class=\"footnote\">Memel-Fot\u00ea,&nbsp;Harris.,&nbsp;Brunet-Jailly,&nbsp;J..&nbsp;L&rsquo;esclavage dans les soci\u00e9t\u00e9s lignag\u00e8res de la for\u00eat ivoirienne, XVIIe-XXe si\u00e8cle.&nbsp;C\u00f4te d&rsquo;Ivoire:&nbsp;CERAP,&nbsp;2007.<span class=\"footnote-back-link-wrapper\">[<a href=\"#identifier_73_3966\" class=\"footnote-link footnote-back-link\">&#8617;<\/a>]<\/span><\/li><li id=\"footnote_69_3966\" class=\"footnote\">Strickrodt,&nbsp;Silke.&nbsp;Afro-European Trade in the Atlantic World: The Western Slave Coast, C. 1550- C. 1885.&nbsp;Royaume-Uni:&nbsp;James Currey,&nbsp;2015.<span class=\"footnote-back-link-wrapper\">[<a href=\"#identifier_74_3966\" class=\"footnote-link footnote-back-link\">&#8617;<\/a>]<\/span><\/li><li id=\"footnote_70_3966\" class=\"footnote\">Law,&nbsp;Robin.&nbsp;Ouidah: The Social History of a West African Slaving Port, 1727\u20131892.&nbsp;Gr\u00e8ce:&nbsp;Ohio University Press,&nbsp;2005.<span class=\"footnote-back-link-wrapper\">[<a href=\"#identifier_75_3966\" class=\"footnote-link footnote-back-link\">&#8617;<\/a>]<\/span><\/li><li id=\"footnote_71_3966\" class=\"footnote\">Almeida-Topor,&nbsp;H\u00e9l\u00e8ne d&rsquo;..&nbsp;Histoire \u00e9conomique du Dahomey (B\u00e9nin), 1890-1920.&nbsp;France:&nbsp;L&rsquo;Harmattan,&nbsp;1995.<span class=\"footnote-back-link-wrapper\">[<a href=\"#identifier_76_3966\" class=\"footnote-link footnote-back-link\">&#8617;<\/a>]<\/span><\/li><li id=\"footnote_72_3966\" class=\"footnote\">Voir aussi par exemple Coquery-Vidrovitch Catherine. A. Akinjogbin, Dahomey and its neighbours, 1708-1818. ; W. J. Argyle, The Fon of Dahomey. A History and ethnography of the Old Kingdom.. In: Annales. \u00c9conomies, Soci\u00e9t\u00e9s, Civilisations. 24\u1d49 ann\u00e9e, N. 3, 1969. pp. 653-655<span class=\"footnote-back-link-wrapper\">[<a href=\"#identifier_77_3966\" class=\"footnote-link footnote-back-link\">&#8617;<\/a>]<\/span><\/li><li id=\"footnote_73_3966\" class=\"footnote\">Traduisible par \u00ab Qui est dans les cordes \u00bb. Mentionn\u00e9 \u00e9galement par Qu\u00e9num,&nbsp;Maximilien.&nbsp;Au pays des Fons: Us et coutumes du Dahomey.&nbsp;France:&nbsp;FeniXX r\u00e9\u00e9dition num\u00e9rique,&nbsp;1999.<span class=\"footnote-back-link-wrapper\">[<a href=\"#identifier_78_3966\" class=\"footnote-link footnote-back-link\">&#8617;<\/a>]<\/span><\/li><li id=\"footnote_74_3966\" class=\"footnote\">Attribu\u00e9e \u00e0 un docteur militaire qui accompagnait l&rsquo;arm\u00e9e coloniale, ca. 1894-Courtesy Getty Research institute, Research Library, 94.R.56<\/mark>.<span class=\"footnote-back-link-wrapper\">[<a href=\"#identifier_80_3966\" class=\"footnote-link footnote-back-link\">&#8617;<\/a>]<\/span><\/li><li id=\"footnote_75_3966\" class=\"footnote\"><em>Adaptation \u00e0 l\u2019\u00e9cran en 2001, d&rsquo;un mythe Sonink\u00e9 dans le creuset du Wagadu, parfois dat\u00e9 du VIIe si\u00e8cle. Elle est tir\u00e9e de l\u2019\u0153uvre de l\u2019universitaire Moussa Diagana: La l\u00e9gende du&nbsp;Wagadu&nbsp;vue par&nbsp;Sia Yatab\u00e9r\u00e9.<\/em><span class=\"footnote-back-link-wrapper\">[<a href=\"#identifier_81_3966\" class=\"footnote-link footnote-back-link\">&#8617;<\/a>]<\/span><\/li><li id=\"footnote_76_3966\" class=\"footnote\">La r\u00e9volte de ce peuple, est relat\u00e9e par Fabio&nbsp;Viti:&nbsp;\u00ab Les quatre morts du colon Rubino (C\u00f4te d\u2019Ivoire, janvier&nbsp;1910) \u00bb,&nbsp;Journal des africanistes,&nbsp;2016.<span class=\"footnote-back-link-wrapper\">[<a href=\"#identifier_82_3966\" class=\"footnote-link footnote-back-link\">&#8617;<\/a>]<\/span><\/li><\/ol>","protected":false},"excerpt":{"rendered":"<p class=\"text-justify mb-2\">Des pans des Histoires africaines subsahariennes, connaissent un regain d\u2019int\u00e9r\u00eat depuis quelques ann\u00e9es, au travers d&rsquo;une diversit\u00e9 d&rsquo;expressions. Cela se per\u00e7oit particuli\u00e8rement entre autres, par l\u2019attrait suscit\u00e9 par des productions cin\u00e9matographiques &#8211; m\u00e9dium \u00e0 forte attractivit\u00e9 &#8211; et litt\u00e9raires, contribuant \u00e0 remettre au devant de la sc\u00e8ne, des dimensions significatives de la vie de soci\u00e9t\u00e9s ant\u00e9rieures, ainsi que des parcours riches de sens&#8230;<\/p>\n","protected":false},"author":196901004,"featured_media":3930,"comment_status":"closed","ping_status":"open","sticky":false,"template":"","format":"standard","meta":{"_coblocks_attr":"YrsaYrsa,Barlow Condensed,,Yrsa","_coblocks_dimensions":"","_coblocks_responsive_height":"","_coblocks_accordion_ie_support":"","_crdt_document":"","advanced_seo_description":"","jetpack_seo_html_title":"","jetpack_seo_noindex":false,"_jetpack_newsletter_access":"","_jetpack_dont_email_post_to_subs":false,"_jetpack_newsletter_tier_id":0,"_jetpack_memberships_contains_paywalled_content":false,"_jetpack_memberships_contains_paid_content":false,"footnotes":"","jetpack_publicize_message":"","jetpack_publicize_feature_enabled":true,"jetpack_social_post_already_shared":true,"jetpack_social_options":{"image_generator_settings":{"template":"highway","default_image_id":0,"font":"","enabled":false},"version":2},"_wpas_customize_per_network":false,"jetpack_post_was_ever_published":true},"categories":[1098],"tags":[4939832,4939842],"class_list":["post-3966","post","type-post","status-publish","format-standard","has-post-thumbnail","hentry","category-culture","tag-afrique-subsaharienne","tag-culture"],"jetpack_publicize_connections":[],"jetpack_featured_media_url":"https:\/\/i0.wp.com\/enyema.com\/wp-content\/uploads\/2022\/11\/Des-Archeres-Dahomeennes-1-e1671293692100.jpg?fit=1300%2C1847&ssl=1","jetpack_likes_enabled":false,"jetpack_sharing_enabled":true,"jetpack_shortlink":"https:\/\/wp.me\/pczIIr-11Y","jetpack-related-posts":[{"id":5963,"url":"https:\/\/enyema.com\/?p=5963","url_meta":{"origin":3966,"position":0},"title":"Afrique subsaharienne\u00a0: la jeunesse, le chantier de la derni\u00e8re chance","author":"Aidy","date":"16 d\u00e9cembre 2022","format":false,"excerpt":"L'avenir d'un territoire, dans un monde sans cesse changeant, faisant peu cas des impr\u00e9parations, retirant les barri\u00e8res \u00e0 la circulation des capitaux et des biens, ne peut se faire sans une attention consid\u00e9rable accord\u00e9e \u00e0 sa capacit\u00e9 \u00e0 mobiliser les comp\u00e9tences de ses populations, et \u00e0 tirer pleinement profit de\u2026","rel":"","context":"Dans &quot;\u00c9conomie&quot;","block_context":{"text":"\u00c9conomie","link":"https:\/\/enyema.com\/?cat=4939839"},"img":{"alt_text":"","src":"https:\/\/i0.wp.com\/enyema.com\/wp-content\/uploads\/2022\/12\/114035365_xl-1-1-e1671294283262.jpg?fit=1200%2C799&ssl=1&resize=350%2C200","width":350,"height":200,"srcset":"https:\/\/i0.wp.com\/enyema.com\/wp-content\/uploads\/2022\/12\/114035365_xl-1-1-e1671294283262.jpg?fit=1200%2C799&ssl=1&resize=350%2C200 1x, https:\/\/i0.wp.com\/enyema.com\/wp-content\/uploads\/2022\/12\/114035365_xl-1-1-e1671294283262.jpg?fit=1200%2C799&ssl=1&resize=525%2C300 1.5x, https:\/\/i0.wp.com\/enyema.com\/wp-content\/uploads\/2022\/12\/114035365_xl-1-1-e1671294283262.jpg?fit=1200%2C799&ssl=1&resize=700%2C400 2x, https:\/\/i0.wp.com\/enyema.com\/wp-content\/uploads\/2022\/12\/114035365_xl-1-1-e1671294283262.jpg?fit=1200%2C799&ssl=1&resize=1050%2C600 3x"},"classes":[]},{"id":465,"url":"https:\/\/enyema.com\/?p=465","url_meta":{"origin":3966,"position":1},"title":"Nimi A Lukeni | Le roi forgeron de K\u00f4ngo &#8211;  L&rsquo;imp\u00e9tuosit\u00e9 de l&rsquo;impatience et la clairvoyance de l&rsquo;audace, au service de la sagesse de l&rsquo;invisible.","author":"Aidy","date":"10 octobre 2022","format":false,"excerpt":"Depuis des territoires ouest-africains, les r\u00e9alit\u00e9s de r\u00e9gions continentales bien plus \u00e9loign\u00e9es, le semblent tout autant en dehors d'\u00e9v\u00e8nements commun\u00e9ment m\u00e9diatis\u00e9s, et qui de fa\u00e7on r\u00e9currente peuvent laisser des impressions assez caricaturales \u00e0 long terme. C\u2019est le cas de L'Afrique Centrale et particuli\u00e8rement de son Histoire, dont les bribes qui\u2026","rel":"","context":"Dans &quot;Culture&quot;","block_context":{"text":"Culture","link":"https:\/\/enyema.com\/?cat=1098"},"img":{"alt_text":"","src":"https:\/\/i0.wp.com\/enyema.com\/wp-content\/uploads\/2022\/10\/i01_nimi-a-lukeni-gallimard-1-1.jpg?fit=773%2C1200&ssl=1&resize=350%2C200","width":350,"height":200,"srcset":"https:\/\/i0.wp.com\/enyema.com\/wp-content\/uploads\/2022\/10\/i01_nimi-a-lukeni-gallimard-1-1.jpg?fit=773%2C1200&ssl=1&resize=350%2C200 1x, https:\/\/i0.wp.com\/enyema.com\/wp-content\/uploads\/2022\/10\/i01_nimi-a-lukeni-gallimard-1-1.jpg?fit=773%2C1200&ssl=1&resize=525%2C300 1.5x, https:\/\/i0.wp.com\/enyema.com\/wp-content\/uploads\/2022\/10\/i01_nimi-a-lukeni-gallimard-1-1.jpg?fit=773%2C1200&ssl=1&resize=700%2C400 2x"},"classes":[]},{"id":1293,"url":"https:\/\/enyema.com\/?p=1293","url_meta":{"origin":3966,"position":2},"title":"Cadres d&rsquo;\u00e9volution et entraves au progr\u00e8s, pour des Afriques jeunes \u00e0 la crois\u00e9e des chemins","author":"Aidy","date":"5 mai 2023","format":false,"excerpt":"Au c\u0153ur d'un globalisme dans lequel des habitudes propres aux uns sont transmises aux autres, par identification \u00e0 des aspects que l\u2019on juge relativement partag\u00e9s notamment par le prisme d'\u00e9thos consum\u00e9ristes, de la capacit\u00e9 \u00e0 consommer qu\u2019elle soit plus ou moins large, au-del\u00e0 d'influences culturelles et de l'imaginaire construit autour\u2026","rel":"","context":"Dans &quot;D\u00e9veloppement&quot;","block_context":{"text":"D\u00e9veloppement","link":"https:\/\/enyema.com\/?cat=4939850"},"img":{"alt_text":"","src":"https:\/\/i0.wp.com\/enyema.com\/wp-content\/uploads\/2023\/05\/74466212_xl_normal_none-reduit.jpg?fit=1200%2C795&ssl=1&resize=350%2C200","width":350,"height":200,"srcset":"https:\/\/i0.wp.com\/enyema.com\/wp-content\/uploads\/2023\/05\/74466212_xl_normal_none-reduit.jpg?fit=1200%2C795&ssl=1&resize=350%2C200 1x, https:\/\/i0.wp.com\/enyema.com\/wp-content\/uploads\/2023\/05\/74466212_xl_normal_none-reduit.jpg?fit=1200%2C795&ssl=1&resize=525%2C300 1.5x, https:\/\/i0.wp.com\/enyema.com\/wp-content\/uploads\/2023\/05\/74466212_xl_normal_none-reduit.jpg?fit=1200%2C795&ssl=1&resize=700%2C400 2x, https:\/\/i0.wp.com\/enyema.com\/wp-content\/uploads\/2023\/05\/74466212_xl_normal_none-reduit.jpg?fit=1200%2C795&ssl=1&resize=1050%2C600 3x"},"classes":[]},{"id":10288,"url":"https:\/\/enyema.com\/?p=10288","url_meta":{"origin":3966,"position":3},"title":"Migrations africaines et retomb\u00e9es \u00e9conomiques : entre simplifications et g\u00e9n\u00e9ralismes","author":"Aidy","date":"3 octobre 2023","format":false,"excerpt":"La question des migrations de populations issues de r\u00e9gions continentales, de leurs effets sur des processus d\u2019essor tractant les territoires d\u2019origine, de leur caract\u00e8re d\u00e9cisif et des perspectives contributives, alimente un grand nombre de consid\u00e9rations. Celles-ci, form\u00e9es aussi \u00e0 l\u2019\u00e9vidence \u00e0 partir d\u2019une matrice impr\u00e9gn\u00e9e d'un d\u00e9sir audible d\u2019autonomisation et\u2026","rel":"","context":"Dans &quot;\u00c9conomie&quot;","block_context":{"text":"\u00c9conomie","link":"https:\/\/enyema.com\/?cat=4939839"},"img":{"alt_text":"","src":"https:\/\/i0.wp.com\/enyema.com\/wp-content\/uploads\/2023\/09\/Image-article-6-reduit.jpg?fit=1200%2C799&ssl=1&resize=350%2C200","width":350,"height":200,"srcset":"https:\/\/i0.wp.com\/enyema.com\/wp-content\/uploads\/2023\/09\/Image-article-6-reduit.jpg?fit=1200%2C799&ssl=1&resize=350%2C200 1x, https:\/\/i0.wp.com\/enyema.com\/wp-content\/uploads\/2023\/09\/Image-article-6-reduit.jpg?fit=1200%2C799&ssl=1&resize=525%2C300 1.5x, https:\/\/i0.wp.com\/enyema.com\/wp-content\/uploads\/2023\/09\/Image-article-6-reduit.jpg?fit=1200%2C799&ssl=1&resize=700%2C400 2x, https:\/\/i0.wp.com\/enyema.com\/wp-content\/uploads\/2023\/09\/Image-article-6-reduit.jpg?fit=1200%2C799&ssl=1&resize=1050%2C600 3x"},"classes":[]},{"id":678,"url":"https:\/\/enyema.com\/?p=678","url_meta":{"origin":3966,"position":4},"title":"D\u00e9veloppement, croyances et id\u00e9es fa\u00e7onn\u00e9es","author":"Aidy","date":"17 octobre 2022","format":false,"excerpt":"S\u2019il est un sujet aux c\u00f4t\u00e9s d\u2019autres, qui retient sans grande difficult\u00e9 l\u2019attention d\u2019une diversit\u00e9 de personnes, au gr\u00e9 de l\u2019actualit\u00e9 avec les d\u00e9sormais r\u00e9guliers classements de tous ordres qui captent ais\u00e9ment l\u2019attention, ou des d\u00e9bats contradictoires animant des plateformes num\u00e9riques, c\u2019est celui du d\u00e9veloppement des territoires et particuli\u00e8rement ceux\u2026","rel":"","context":"Dans &quot;\u00c9conomie&quot;","block_context":{"text":"\u00c9conomie","link":"https:\/\/enyema.com\/?cat=4939839"},"img":{"alt_text":"","src":"https:\/\/i0.wp.com\/enyema.com\/wp-content\/uploads\/2022\/10\/image-article-3-1-e1671294317571.jpg?fit=1200%2C795&ssl=1&resize=350%2C200","width":350,"height":200,"srcset":"https:\/\/i0.wp.com\/enyema.com\/wp-content\/uploads\/2022\/10\/image-article-3-1-e1671294317571.jpg?fit=1200%2C795&ssl=1&resize=350%2C200 1x, https:\/\/i0.wp.com\/enyema.com\/wp-content\/uploads\/2022\/10\/image-article-3-1-e1671294317571.jpg?fit=1200%2C795&ssl=1&resize=525%2C300 1.5x, https:\/\/i0.wp.com\/enyema.com\/wp-content\/uploads\/2022\/10\/image-article-3-1-e1671294317571.jpg?fit=1200%2C795&ssl=1&resize=700%2C400 2x, https:\/\/i0.wp.com\/enyema.com\/wp-content\/uploads\/2022\/10\/image-article-3-1-e1671294317571.jpg?fit=1200%2C795&ssl=1&resize=1050%2C600 3x"},"classes":[]}],"_links":{"self":[{"href":"https:\/\/enyema.com\/index.php?rest_route=\/wp\/v2\/posts\/3966","targetHints":{"allow":["GET"]}}],"collection":[{"href":"https:\/\/enyema.com\/index.php?rest_route=\/wp\/v2\/posts"}],"about":[{"href":"https:\/\/enyema.com\/index.php?rest_route=\/wp\/v2\/types\/post"}],"author":[{"embeddable":true,"href":"https:\/\/enyema.com\/index.php?rest_route=\/wp\/v2\/users\/196901004"}],"replies":[{"embeddable":true,"href":"https:\/\/enyema.com\/index.php?rest_route=%2Fwp%2Fv2%2Fcomments&post=3966"}],"version-history":[{"count":100,"href":"https:\/\/enyema.com\/index.php?rest_route=\/wp\/v2\/posts\/3966\/revisions"}],"predecessor-version":[{"id":10164,"href":"https:\/\/enyema.com\/index.php?rest_route=\/wp\/v2\/posts\/3966\/revisions\/10164"}],"wp:featuredmedia":[{"embeddable":true,"href":"https:\/\/enyema.com\/index.php?rest_route=\/wp\/v2\/media\/3930"}],"wp:attachment":[{"href":"https:\/\/enyema.com\/index.php?rest_route=%2Fwp%2Fv2%2Fmedia&parent=3966"}],"wp:term":[{"taxonomy":"category","embeddable":true,"href":"https:\/\/enyema.com\/index.php?rest_route=%2Fwp%2Fv2%2Fcategories&post=3966"},{"taxonomy":"post_tag","embeddable":true,"href":"https:\/\/enyema.com\/index.php?rest_route=%2Fwp%2Fv2%2Ftags&post=3966"}],"curies":[{"name":"wp","href":"https:\/\/api.w.org\/{rel}","templated":true}]}}